{"id":3966,"date":"2025-04-29T20:00:59","date_gmt":"2025-04-29T20:00:59","guid":{"rendered":"https:\/\/rachelsumbu.com\/?p=3966"},"modified":"2025-04-30T07:35:14","modified_gmt":"2025-04-30T07:35:14","slug":"regards-croises-sur-les-rh-et-la-cooperation-internationale","status":"publish","type":"post","link":"https:\/\/rachelsumbu.com\/en\/regards-croises-sur-les-rh-et-la-cooperation-internationale","title":{"rendered":"Regards crois\u00e9s sur les RH et la coop\u00e9ration internationale"},"content":{"rendered":"<h2 class=\"wp-block-heading has-normal-font-size\"><strong><strong>Mobilit\u00e9 internationale : un pont entre mes convictions et mon m\u00e9tier<\/strong><\/strong><\/h2>\n\n\n\n<p class=\"wp-block-paragraph\">Je n\u2019ai jamais eu peur des fronti\u00e8res.<\/p>\n\n\n\n<p class=\"wp-block-paragraph\">Bien au contraire, elles m\u2019intriguent et m\u2019attirent. Non pas parce qu\u2019elles d\u00e9limitent, mais parce qu\u2019elles ouvrent.<\/p>\n\n\n\n<p class=\"wp-block-paragraph\">J\u2019ai r\u00e9alis\u00e9 qu&#8217;en r\u00e9alit\u00e9 les relations internationales ont toujours suscit\u00e9 un r\u00e9el int\u00e9r\u00eat pour moi. C\u2019est un fil rouge dans mon parcours, une curiosit\u00e9 pour les autres cultures, pour les grands \u00e9quilibres du monde, pour ce qui se joue lorsque les gens, les id\u00e9es, les exp\u00e9riences circulent.<\/p>\n\n\n\n<p class=\"wp-block-paragraph\">Cette app\u00e9tence, je l\u2019ai aussi retrouv\u00e9e dans mon m\u00e9tier actuel.<\/p>\n\n\n\n<h2 class=\"wp-block-heading has-normal-font-size\"><strong><strong>RH &amp; Mobilit\u00e9 : une affaire tr\u00e8s humaine<\/strong><\/strong><\/h2>\n\n\n\n<p class=\"wp-block-paragraph\">Quand je me suis sp\u00e9cialis\u00e9e en mobilit\u00e9 internationale dans mon parcours au sein de la fonction RH, j\u2019ai tout de suite su que j\u2019\u00e9tais \u00e0 ma place. Non pas parce qu\u2019il y avait des process \u00e0 g\u00e9rer ou des packages \u00e0 construire, mais parce que derri\u00e8re chaque mobilit\u00e9, il y a une personne, une famille, un choix, une envie souvent un peu folle de partir ailleurs, de s\u2019adapter, d\u2019apprendre et de transmettre un savoir.<\/p>\n\n\n\n<p class=\"wp-block-paragraph\">Mon r\u00f4le, consistait \u00e0 accompagner cette nouvelle aventure pour les expatri\u00e9s, d\u2019\u00eatre l\u00e0 \u00e0 chaque \u00e9tape, de comprendre les r\u00e9alit\u00e9s locales, tout en tenant le cap des politiques RH globales, de faire le lien entre les enjeux individuels et ceux des organisations.<\/p>\n\n\n\n<h2 class=\"wp-block-heading has-normal-font-size\"><strong><strong>Un m\u00e9tier de passerelle<\/strong><\/strong><\/h2>\n\n\n\n<p class=\"wp-block-paragraph\">Contrairement \u00e0 ce que certains pensent, le d\u00e9partement mobilit\u00e9 internationale, n\u2019est pas un service RH \u201c\u00e0 part\u201d. Il constitue une v\u00e9ritable strat\u00e9gie de coop\u00e9ration pour les organisations.<\/p>\n\n\n\n<p class=\"wp-block-paragraph\">Des comp\u00e9tences circulent, des regards ou encore des fa\u00e7ons de faire. En d&#8217;autres termes, des synergies se cr\u00e9ent au-del\u00e0 des fronti\u00e8res.<\/p>\n\n\n\n<p class=\"wp-block-paragraph\">Ce lien entre l\u2019individu et le collectif, je l\u2019ai aussi ressenti \u00e0 travers mes entretiens avec des d\u00e9cideurs sur les questions de d\u00e9veloppement, de diplomatie, de coop\u00e9ration.<\/p>\n\n\n\n<p class=\"wp-block-paragraph\">Leurs propos font d&#8217;une certaine mani\u00e8re \u00e9cho \u00e0 ce que je vivais sur le terrain.<\/p>\n\n\n\n<p class=\"wp-block-paragraph\">Ce qui se joue \u00e0 grande \u00e9chelle dans les minist\u00e8res ou les forums internationaux, trouve une r\u00e9sonance dans un d\u00e9part en expatriation, un onboarding \u00e0 distance, un projet interculturel men\u00e9 en \u00e9quipe.<\/p>\n\n\n\n<p class=\"wp-block-paragraph\">Les grandes dynamiques g\u00e9opolitiques ne sont pas sans effet sur les enjeux RH. Une instabilit\u00e9 r\u00e9gionale, une crise sanitaire, ou des sanctions \u00e9conomiques peuvent redessiner, en quelques semaines, les contours d\u2019une mission internationale : mobilit\u00e9 suspendue, priorit\u00e9s de s\u00e9curit\u00e9 revues, strat\u00e9gies d\u2019implantation repens\u00e9es. La mobilit\u00e9 devient alors un barom\u00e8tre silencieux du monde qui change.<\/p>\n\n\n\n<h2 class=\"wp-block-heading has-normal-font-size\"><strong><strong>Cr\u00e9er du lien et tisser des ponts: une conviction<\/strong><\/strong><\/h2>\n\n\n\n<p class=\"wp-block-paragraph\">Dans le fond, c\u2019est la m\u00eame conviction qui m\u2019anime : cr\u00e9er du lien, tisser des ponts, faire circuler, humaniser ce qui est global.<\/p>\n\n\n\n<p class=\"wp-block-paragraph\">Si je devais r\u00e9sumer ce que la mobilit\u00e9 internationale repr\u00e9sente pour moi, je dirais qu&#8217;il ne s&#8217;agit pas d\u2019un parcours r\u00e9serv\u00e9 \u00e0 une \u00e9lite mais plut\u00f4t d\u2019un levier puissant visant \u00e0 construire des \u00e9quipes plus ouvertes, des organisations plus conscientes, et un monde un peu plus connect\u00e9.<\/p>\n\n\n\n<p class=\"wp-block-paragraph\">Lorsque l&#8217;on franchit une fronti\u00e8re, notre perception du monde n&#8217;est plus la m\u00eame !<\/p>\n\n\n\n<p class=\"wp-block-paragraph\">Rachel SUMBU<\/p>","protected":false},"excerpt":{"rendered":"<p>\u201cMon r\u00f4le, consistait \u00e0 accompagner cette nouvelle aventure pour les expatri\u00e9s, \u00e0 \u00eatre l\u00e0 \u00e0 chaque \u00e9tape, de comprendre les r\u00e9alit\u00e9s locales, tout en tenant le cap des politiques RH globales, de faire le lien entre les enjeux individuels et ceux des organisations\u201d.<\/p>","protected":false},"author":1,"featured_media":3967,"comment_status":"open","ping_status":"open","sticky":false,"template":"","format":"standard","meta":{"_acf_changed":false,"_monsterinsights_skip_tracking":false,"footnotes":""},"categories":[98,76],"tags":[],"class_list":["post-3966","post","type-post","status-publish","format-standard","has-post-thumbnail","hentry","category-histoire-convictions","category-mes-articles"],"acf":[],"aioseo_notices":[],"aioseo_head":"\n\t\t<!-- All in One SEO 5.0.1.1 - aioseo.com -->\n\t<meta name=\"description\" content=\"\u201cMon r\u00f4le, consistait \u00e0 accompagner cette nouvelle aventure pour les expatri\u00e9s, \u00e0 \u00eatre l\u00e0 \u00e0 chaque \u00e9tape, de comprendre les r\u00e9alit\u00e9s locales, tout en tenant le cap des politiques RH globales, de faire le lien entre les enjeux individuels et ceux des organisations\u201d.\" \/>\n\t<meta name=\"robots\" content=\"max-image-preview:large\" \/>\n\t<meta name=\"author\" content=\"Rachel SUMBU\"\/>\n\t<link rel=\"canonical\" href=\"https:\/\/rachelsumbu.com\/en\/regards-croises-sur-les-rh-et-la-cooperation-internationale\" \/>\n\t<meta name=\"generator\" content=\"All in One SEO (AIOSEO) 5.0.1.1\" \/>\n\t\t<meta property=\"og:locale\" content=\"en_US\" \/>\n\t\t<meta property=\"og:site_name\" content=\"Journaliste I Mod\u00e9ratrice &amp; MC internationale - Journaliste I Mod\u00e9ratrice &amp; MC internationale Engag\u00e9e sur les enjeux de coop\u00e9ration internationale\" \/>\n\t\t<meta property=\"og:type\" content=\"article\" \/>\n\t\t<meta property=\"og:title\" content=\"Regards crois\u00e9s sur les RH et la coop\u00e9ration internationale - Journaliste I Mod\u00e9ratrice &amp; MC internationale\" \/>\n\t\t<meta property=\"og:description\" content=\"\u201cMon r\u00f4le, consistait \u00e0 accompagner cette nouvelle aventure pour les expatri\u00e9s, \u00e0 \u00eatre l\u00e0 \u00e0 chaque \u00e9tape, de comprendre les r\u00e9alit\u00e9s locales, tout en tenant le cap des politiques RH globales, de faire le lien entre les enjeux individuels et ceux des organisations\u201d.\" \/>\n\t\t<meta property=\"og:url\" content=\"https:\/\/rachelsumbu.com\/en\/regards-croises-sur-les-rh-et-la-cooperation-internationale\" \/>\n\t\t<meta property=\"article:published_time\" content=\"2025-04-29T20:00:59+00:00\" \/>\n\t\t<meta property=\"article:modified_time\" content=\"2025-04-30T07:35:14+00:00\" \/>\n\t\t<meta name=\"twitter:card\" content=\"summary_large_image\" \/>\n\t\t<meta name=\"twitter:title\" content=\"Regards crois\u00e9s sur les RH et la coop\u00e9ration internationale - Journaliste I Mod\u00e9ratrice &amp; MC internationale\" \/>\n\t\t<meta name=\"twitter:description\" content=\"\u201cMon r\u00f4le, consistait \u00e0 accompagner cette nouvelle aventure pour les expatri\u00e9s, \u00e0 \u00eatre l\u00e0 \u00e0 chaque \u00e9tape, de comprendre les r\u00e9alit\u00e9s locales, tout en tenant le cap des politiques RH globales, de faire le lien entre les enjeux individuels et ceux des organisations\u201d.\" \/>\n\t\t<script type=\"application\/ld+json\" class=\"aioseo-schema\">\n\t\t\t{\"@context\":\"https:\\\/\\\/schema.org\",\"@graph\":[{\"@type\":\"BlogPosting\",\"@id\":\"https:\\\/\\\/rachelsumbu.com\\\/en\\\/regards-croises-sur-les-rh-et-la-cooperation-internationale#blogposting\",\"name\":\"Regards crois\\u00e9s sur les RH et la coop\\u00e9ration internationale - Journaliste I Mod\\u00e9ratrice & MC internationale\",\"headline\":\"Regards crois\\u00e9s sur les RH et la coop\\u00e9ration internationale\",\"author\":{\"@id\":\"https:\\\/\\\/rachelsumbu.com\\\/en\\\/author\\\/r_s_admin#author\"},\"publisher\":{\"@id\":\"https:\\\/\\\/rachelsumbu.com\\\/en\\\/#organization\"},\"image\":{\"@type\":\"ImageObject\",\"url\":\"https:\\\/\\\/rachelsumbu.com\\\/wp-content\\\/uploads\\\/2025\\\/04\\\/Regards-croises-sur-les-RH-et-la-cooperation-internationale_.jpg\",\"width\":1024,\"height\":1024},\"datePublished\":\"2025-04-29T20:00:59+00:00\",\"dateModified\":\"2025-04-30T07:35:14+00:00\",\"inLanguage\":\"en-US\",\"mainEntityOfPage\":{\"@id\":\"https:\\\/\\\/rachelsumbu.com\\\/en\\\/regards-croises-sur-les-rh-et-la-cooperation-internationale#webpage\"},\"isPartOf\":{\"@id\":\"https:\\\/\\\/rachelsumbu.com\\\/en\\\/regards-croises-sur-les-rh-et-la-cooperation-internationale#webpage\"},\"articleSection\":\"Histoire &amp; Convictions, Mes articles\"},{\"@type\":\"BreadcrumbList\",\"@id\":\"https:\\\/\\\/rachelsumbu.com\\\/en\\\/regards-croises-sur-les-rh-et-la-cooperation-internationale#breadcrumblist\",\"itemListElement\":[{\"@type\":\"ListItem\",\"@id\":\"https:\\\/\\\/rachelsumbu.com\\\/en#listItem\",\"position\":1,\"name\":\"Home\",\"item\":\"https:\\\/\\\/rachelsumbu.com\\\/en\",\"nextItem\":{\"@type\":\"ListItem\",\"@id\":\"https:\\\/\\\/rachelsumbu.com\\\/en\\\/category\\\/mes-articles#listItem\",\"name\":\"Mes articles\"}},{\"@type\":\"ListItem\",\"@id\":\"https:\\\/\\\/rachelsumbu.com\\\/en\\\/category\\\/mes-articles#listItem\",\"position\":2,\"name\":\"Mes articles\",\"item\":\"https:\\\/\\\/rachelsumbu.com\\\/en\\\/category\\\/mes-articles\",\"nextItem\":{\"@type\":\"ListItem\",\"@id\":\"https:\\\/\\\/rachelsumbu.com\\\/en\\\/category\\\/mes-articles\\\/histoire-convictions#listItem\",\"name\":\"Histoire &amp; Convictions\"},\"previousItem\":{\"@type\":\"ListItem\",\"@id\":\"https:\\\/\\\/rachelsumbu.com\\\/en#listItem\",\"name\":\"Home\"}},{\"@type\":\"ListItem\",\"@id\":\"https:\\\/\\\/rachelsumbu.com\\\/en\\\/category\\\/mes-articles\\\/histoire-convictions#listItem\",\"position\":3,\"name\":\"Histoire &amp; Convictions\",\"item\":\"https:\\\/\\\/rachelsumbu.com\\\/en\\\/category\\\/mes-articles\\\/histoire-convictions\",\"nextItem\":{\"@type\":\"ListItem\",\"@id\":\"https:\\\/\\\/rachelsumbu.com\\\/en\\\/regards-croises-sur-les-rh-et-la-cooperation-internationale#listItem\",\"name\":\"Regards crois\\u00e9s sur les RH et la coop\\u00e9ration internationale\"},\"previousItem\":{\"@type\":\"ListItem\",\"@id\":\"https:\\\/\\\/rachelsumbu.com\\\/en\\\/category\\\/mes-articles#listItem\",\"name\":\"Mes articles\"}},{\"@type\":\"ListItem\",\"@id\":\"https:\\\/\\\/rachelsumbu.com\\\/en\\\/regards-croises-sur-les-rh-et-la-cooperation-internationale#listItem\",\"position\":4,\"name\":\"Regards crois\\u00e9s sur les RH et la coop\\u00e9ration internationale\",\"previousItem\":{\"@type\":\"ListItem\",\"@id\":\"https:\\\/\\\/rachelsumbu.com\\\/en\\\/category\\\/mes-articles\\\/histoire-convictions#listItem\",\"name\":\"Histoire &amp; Convictions\"}}]},{\"@type\":\"Organization\",\"@id\":\"https:\\\/\\\/rachelsumbu.com\\\/en\\\/#organization\",\"name\":\"Rachel Sumbu\",\"description\":\"Journaliste I Mod\\u00e9ratrice & MC internationale Engag\\u00e9e sur les enjeux de coop\\u00e9ration internationale\",\"url\":\"https:\\\/\\\/rachelsumbu.com\\\/en\\\/\"},{\"@type\":\"Person\",\"@id\":\"https:\\\/\\\/rachelsumbu.com\\\/en\\\/author\\\/r_s_admin#author\",\"url\":\"https:\\\/\\\/rachelsumbu.com\\\/en\\\/author\\\/r_s_admin\",\"name\":\"Rachel SUMBU\",\"image\":{\"@type\":\"ImageObject\",\"@id\":\"https:\\\/\\\/rachelsumbu.com\\\/en\\\/regards-croises-sur-les-rh-et-la-cooperation-internationale#authorImage\",\"url\":\"https:\\\/\\\/secure.gravatar.com\\\/avatar\\\/4d3d712542f00cba271ab4dc49b76f894276376b94b8c757477b19e4b38af199?s=96&d=mm&r=g\",\"width\":96,\"height\":96,\"caption\":\"Rachel SUMBU\"}},{\"@type\":\"WebPage\",\"@id\":\"https:\\\/\\\/rachelsumbu.com\\\/en\\\/regards-croises-sur-les-rh-et-la-cooperation-internationale#webpage\",\"url\":\"https:\\\/\\\/rachelsumbu.com\\\/en\\\/regards-croises-sur-les-rh-et-la-cooperation-internationale\",\"name\":\"Regards crois\\u00e9s sur les RH et la coop\\u00e9ration internationale - Journaliste I Mod\\u00e9ratrice & MC internationale\",\"description\":\"\\u201cMon r\\u00f4le, consistait \\u00e0 accompagner cette nouvelle aventure pour les expatri\\u00e9s, \\u00e0 \\u00eatre l\\u00e0 \\u00e0 chaque \\u00e9tape, de comprendre les r\\u00e9alit\\u00e9s locales, tout en tenant le cap des politiques RH globales, de faire le lien entre les enjeux individuels et ceux des organisations\\u201d.\",\"inLanguage\":\"en-US\",\"isPartOf\":{\"@id\":\"https:\\\/\\\/rachelsumbu.com\\\/en\\\/#website\"},\"breadcrumb\":{\"@id\":\"https:\\\/\\\/rachelsumbu.com\\\/en\\\/regards-croises-sur-les-rh-et-la-cooperation-internationale#breadcrumblist\"},\"author\":{\"@id\":\"https:\\\/\\\/rachelsumbu.com\\\/en\\\/author\\\/r_s_admin#author\"},\"creator\":{\"@id\":\"https:\\\/\\\/rachelsumbu.com\\\/en\\\/author\\\/r_s_admin#author\"},\"image\":{\"@type\":\"ImageObject\",\"url\":\"https:\\\/\\\/rachelsumbu.com\\\/wp-content\\\/uploads\\\/2025\\\/04\\\/Regards-croises-sur-les-RH-et-la-cooperation-internationale_.jpg\",\"@id\":\"https:\\\/\\\/rachelsumbu.com\\\/en\\\/regards-croises-sur-les-rh-et-la-cooperation-internationale\\\/#mainImage\",\"width\":1024,\"height\":1024},\"primaryImageOfPage\":{\"@id\":\"https:\\\/\\\/rachelsumbu.com\\\/en\\\/regards-croises-sur-les-rh-et-la-cooperation-internationale#mainImage\"},\"datePublished\":\"2025-04-29T20:00:59+00:00\",\"dateModified\":\"2025-04-30T07:35:14+00:00\"},{\"@type\":\"WebSite\",\"@id\":\"https:\\\/\\\/rachelsumbu.com\\\/en\\\/#website\",\"url\":\"https:\\\/\\\/rachelsumbu.com\\\/en\\\/\",\"name\":\"Rachel Sumbu\",\"description\":\"Journaliste I Mod\\u00e9ratrice & MC internationale Engag\\u00e9e sur les enjeux de coop\\u00e9ration internationale\",\"inLanguage\":\"en-US\",\"publisher\":{\"@id\":\"https:\\\/\\\/rachelsumbu.com\\\/en\\\/#organization\"}}]}\n\t\t<\/script>\n\t\t<!-- All in One SEO -->\n\n","aioseo_head_json":{"title":"Regards crois\u00e9s sur les RH et la coop\u00e9ration internationale - Journaliste I Mod\u00e9ratrice & MC internationale","description":"\u201cMon r\u00f4le, consistait \u00e0 accompagner cette nouvelle aventure pour les expatri\u00e9s, \u00e0 \u00eatre l\u00e0 \u00e0 chaque \u00e9tape, de comprendre les r\u00e9alit\u00e9s locales, tout en tenant le cap des politiques RH globales, de faire le lien entre les enjeux individuels et ceux des organisations\u201d.","canonical_url":"https:\/\/rachelsumbu.com\/en\/regards-croises-sur-les-rh-et-la-cooperation-internationale","robots":"max-image-preview:large","keywords":"","webmasterTools":{"miscellaneous":""},"schema":{"@context":"https:\/\/schema.org","@graph":[{"@type":"BlogPosting","@id":"https:\/\/rachelsumbu.com\/en\/regards-croises-sur-les-rh-et-la-cooperation-internationale#blogposting","name":"Regards crois\u00e9s sur les RH et la coop\u00e9ration internationale - Journaliste I Mod\u00e9ratrice & MC internationale","headline":"Regards crois\u00e9s sur les RH et la coop\u00e9ration internationale","author":{"@id":"https:\/\/rachelsumbu.com\/en\/author\/r_s_admin#author"},"publisher":{"@id":"https:\/\/rachelsumbu.com\/en\/#organization"},"image":{"@type":"ImageObject","url":"https:\/\/rachelsumbu.com\/wp-content\/uploads\/2025\/04\/Regards-croises-sur-les-RH-et-la-cooperation-internationale_.jpg","width":1024,"height":1024},"datePublished":"2025-04-29T20:00:59+00:00","dateModified":"2025-04-30T07:35:14+00:00","inLanguage":"en-US","mainEntityOfPage":{"@id":"https:\/\/rachelsumbu.com\/en\/regards-croises-sur-les-rh-et-la-cooperation-internationale#webpage"},"isPartOf":{"@id":"https:\/\/rachelsumbu.com\/en\/regards-croises-sur-les-rh-et-la-cooperation-internationale#webpage"},"articleSection":"Histoire &amp; Convictions, Mes articles"},{"@type":"BreadcrumbList","@id":"https:\/\/rachelsumbu.com\/en\/regards-croises-sur-les-rh-et-la-cooperation-internationale#breadcrumblist","itemListElement":[{"@type":"ListItem","@id":"https:\/\/rachelsumbu.com\/en#listItem","position":1,"name":"Home","item":"https:\/\/rachelsumbu.com\/en","nextItem":{"@type":"ListItem","@id":"https:\/\/rachelsumbu.com\/en\/category\/mes-articles#listItem","name":"Mes articles"}},{"@type":"ListItem","@id":"https:\/\/rachelsumbu.com\/en\/category\/mes-articles#listItem","position":2,"name":"Mes articles","item":"https:\/\/rachelsumbu.com\/en\/category\/mes-articles","nextItem":{"@type":"ListItem","@id":"https:\/\/rachelsumbu.com\/en\/category\/mes-articles\/histoire-convictions#listItem","name":"Histoire &amp; Convictions"},"previousItem":{"@type":"ListItem","@id":"https:\/\/rachelsumbu.com\/en#listItem","name":"Home"}},{"@type":"ListItem","@id":"https:\/\/rachelsumbu.com\/en\/category\/mes-articles\/histoire-convictions#listItem","position":3,"name":"Histoire &amp; Convictions","item":"https:\/\/rachelsumbu.com\/en\/category\/mes-articles\/histoire-convictions","nextItem":{"@type":"ListItem","@id":"https:\/\/rachelsumbu.com\/en\/regards-croises-sur-les-rh-et-la-cooperation-internationale#listItem","name":"Regards crois\u00e9s sur les RH et la coop\u00e9ration internationale"},"previousItem":{"@type":"ListItem","@id":"https:\/\/rachelsumbu.com\/en\/category\/mes-articles#listItem","name":"Mes articles"}},{"@type":"ListItem","@id":"https:\/\/rachelsumbu.com\/en\/regards-croises-sur-les-rh-et-la-cooperation-internationale#listItem","position":4,"name":"Regards crois\u00e9s sur les RH et la coop\u00e9ration internationale","previousItem":{"@type":"ListItem","@id":"https:\/\/rachelsumbu.com\/en\/category\/mes-articles\/histoire-convictions#listItem","name":"Histoire &amp; Convictions"}}]},{"@type":"Organization","@id":"https:\/\/rachelsumbu.com\/en\/#organization","name":"Rachel Sumbu","description":"Journaliste I Mod\u00e9ratrice & MC internationale Engag\u00e9e sur les enjeux de coop\u00e9ration internationale","url":"https:\/\/rachelsumbu.com\/en\/"},{"@type":"Person","@id":"https:\/\/rachelsumbu.com\/en\/author\/r_s_admin#author","url":"https:\/\/rachelsumbu.com\/en\/author\/r_s_admin","name":"Rachel SUMBU","image":{"@type":"ImageObject","@id":"https:\/\/rachelsumbu.com\/en\/regards-croises-sur-les-rh-et-la-cooperation-internationale#authorImage","url":"https:\/\/secure.gravatar.com\/avatar\/4d3d712542f00cba271ab4dc49b76f894276376b94b8c757477b19e4b38af199?s=96&d=mm&r=g","width":96,"height":96,"caption":"Rachel SUMBU"}},{"@type":"WebPage","@id":"https:\/\/rachelsumbu.com\/en\/regards-croises-sur-les-rh-et-la-cooperation-internationale#webpage","url":"https:\/\/rachelsumbu.com\/en\/regards-croises-sur-les-rh-et-la-cooperation-internationale","name":"Regards crois\u00e9s sur les RH et la coop\u00e9ration internationale - Journaliste I Mod\u00e9ratrice & MC internationale","description":"\u201cMon r\u00f4le, consistait \u00e0 accompagner cette nouvelle aventure pour les expatri\u00e9s, \u00e0 \u00eatre l\u00e0 \u00e0 chaque \u00e9tape, de comprendre les r\u00e9alit\u00e9s locales, tout en tenant le cap des politiques RH globales, de faire le lien entre les enjeux individuels et ceux des organisations\u201d.","inLanguage":"en-US","isPartOf":{"@id":"https:\/\/rachelsumbu.com\/en\/#website"},"breadcrumb":{"@id":"https:\/\/rachelsumbu.com\/en\/regards-croises-sur-les-rh-et-la-cooperation-internationale#breadcrumblist"},"author":{"@id":"https:\/\/rachelsumbu.com\/en\/author\/r_s_admin#author"},"creator":{"@id":"https:\/\/rachelsumbu.com\/en\/author\/r_s_admin#author"},"image":{"@type":"ImageObject","url":"https:\/\/rachelsumbu.com\/wp-content\/uploads\/2025\/04\/Regards-croises-sur-les-RH-et-la-cooperation-internationale_.jpg","@id":"https:\/\/rachelsumbu.com\/en\/regards-croises-sur-les-rh-et-la-cooperation-internationale\/#mainImage","width":1024,"height":1024},"primaryImageOfPage":{"@id":"https:\/\/rachelsumbu.com\/en\/regards-croises-sur-les-rh-et-la-cooperation-internationale#mainImage"},"datePublished":"2025-04-29T20:00:59+00:00","dateModified":"2025-04-30T07:35:14+00:00"},{"@type":"WebSite","@id":"https:\/\/rachelsumbu.com\/en\/#website","url":"https:\/\/rachelsumbu.com\/en\/","name":"Rachel Sumbu","description":"Journaliste I Mod\u00e9ratrice & MC internationale Engag\u00e9e sur les enjeux de coop\u00e9ration internationale","inLanguage":"en-US","publisher":{"@id":"https:\/\/rachelsumbu.com\/en\/#organization"}}]},"og:locale":"en_US","og:site_name":"Journaliste I Mod\u00e9ratrice &amp; MC internationale - Journaliste I Mod\u00e9ratrice &amp; MC internationale Engag\u00e9e sur les enjeux de coop\u00e9ration internationale","og:type":"article","og:title":"Regards crois\u00e9s sur les RH et la coop\u00e9ration internationale - Journaliste I Mod\u00e9ratrice &amp; MC internationale","og:description":"\u201cMon r\u00f4le, consistait \u00e0 accompagner cette nouvelle aventure pour les expatri\u00e9s, \u00e0 \u00eatre l\u00e0 \u00e0 chaque \u00e9tape, de comprendre les r\u00e9alit\u00e9s locales, tout en tenant le cap des politiques RH globales, de faire le lien entre les enjeux individuels et ceux des organisations\u201d.","og:url":"https:\/\/rachelsumbu.com\/en\/regards-croises-sur-les-rh-et-la-cooperation-internationale","article:published_time":"2025-04-29T20:00:59+00:00","article:modified_time":"2025-04-30T07:35:14+00:00","twitter:card":"summary_large_image","twitter:title":"Regards crois\u00e9s sur les RH et la coop\u00e9ration internationale - Journaliste I Mod\u00e9ratrice &amp; MC internationale","twitter:description":"\u201cMon r\u00f4le, consistait \u00e0 accompagner cette nouvelle aventure pour les expatri\u00e9s, \u00e0 \u00eatre l\u00e0 \u00e0 chaque \u00e9tape, de comprendre les r\u00e9alit\u00e9s locales, tout en tenant le cap des politiques RH globales, de faire le lien entre les enjeux individuels et ceux des organisations\u201d."},"aioseo_meta_data":{"post_id":"3966","title":null,"description":null,"keywords":null,"keyphrases":{"focus":{"keyphrase":"","score":0,"analysis":{"keyphraseInTitle":{"score":0,"maxScore":9,"error":1}}},"additional":[]},"primary_term":null,"canonical_url":null,"og_title":null,"og_description":null,"og_object_type":"default","og_image_type":"default","og_image_url":null,"og_image_width":null,"og_image_height":null,"og_image_custom_url":null,"og_image_custom_fields":null,"og_video":"","og_custom_url":null,"og_article_section":null,"og_article_tags":null,"twitter_use_og":false,"twitter_card":"default","twitter_image_type":"default","twitter_image_url":null,"twitter_image_custom_url":null,"twitter_image_custom_fields":null,"twitter_title":null,"twitter_description":null,"schema":{"blockGraphs":[],"customGraphs":[],"default":{"data":{"Article":[],"Course":[],"Dataset":[],"FAQPage":[],"Movie":[],"Person":[],"Product":[],"ProductReview":[],"Car":[],"Recipe":[],"Service":[],"SoftwareApplication":[],"WebPage":[]},"graphName":"BlogPosting","isEnabled":true},"graphs":[]},"schema_type":"default","schema_type_options":null,"pillar_content":false,"robots_default":true,"robots_noindex":false,"robots_noarchive":false,"robots_nosnippet":false,"robots_nofollow":false,"robots_noimageindex":false,"robots_noodp":false,"robots_notranslate":false,"robots_max_snippet":"-1","robots_max_videopreview":"-1","robots_max_imagepreview":"large","priority":null,"frequency":"default","local_seo":null,"breadcrumb_settings":null,"limit_modified_date":false,"ai":null,"created":"2025-04-29 20:01:01","updated":"2025-06-03 22:05:11","seo_analyzer_scan_date":null,"focus_keyword":null,"additional_keywords":null,"truseo_locale":null},"aioseo_breadcrumb":"<div class=\"aioseo-breadcrumbs\"><span class=\"aioseo-breadcrumb\">\n\t\t\t<a href=\"https:\/\/rachelsumbu.com\/en\" title=\"Home\">Home<\/a>\n\t\t<\/span><span class=\"aioseo-breadcrumb-separator\">&raquo;<\/span><span class=\"aioseo-breadcrumb\">\n\t\t\t<a href=\"https:\/\/rachelsumbu.com\/en\/category\/mes-articles\" title=\"Mes articles\">Mes articles<\/a>\n\t\t<\/span><span class=\"aioseo-breadcrumb-separator\">&raquo;<\/span><span class=\"aioseo-breadcrumb\">\n\t\t\t<a href=\"https:\/\/rachelsumbu.com\/en\/category\/mes-articles\/histoire-convictions\" title=\"Histoire &amp; Convictions\">Histoire &amp; Convictions<\/a>\n\t\t<\/span><span class=\"aioseo-breadcrumb-separator\">&raquo;<\/span><span class=\"aioseo-breadcrumb\">\n\t\t\tRegards crois\u00e9s sur les RH et la coop\u00e9ration internationale\n\t\t<\/span><\/div>","aioseo_breadcrumb_json":[{"label":"Home","link":"https:\/\/rachelsumbu.com\/en"},{"label":"Mes articles","link":"https:\/\/rachelsumbu.com\/en\/category\/mes-articles"},{"label":"Histoire &amp; Convictions","link":"https:\/\/rachelsumbu.com\/en\/category\/mes-articles\/histoire-convictions"},{"label":"Regards crois\u00e9s sur les RH et la coop\u00e9ration internationale","link":"https:\/\/rachelsumbu.com\/en\/regards-croises-sur-les-rh-et-la-cooperation-internationale"}],"_links":{"self":[{"href":"https:\/\/rachelsumbu.com\/en\/wp-json\/wp\/v2\/posts\/3966","targetHints":{"allow":["GET"]}}],"collection":[{"href":"https:\/\/rachelsumbu.com\/en\/wp-json\/wp\/v2\/posts"}],"about":[{"href":"https:\/\/rachelsumbu.com\/en\/wp-json\/wp\/v2\/types\/post"}],"author":[{"embeddable":true,"href":"https:\/\/rachelsumbu.com\/en\/wp-json\/wp\/v2\/users\/1"}],"replies":[{"embeddable":true,"href":"https:\/\/rachelsumbu.com\/en\/wp-json\/wp\/v2\/comments?post=3966"}],"version-history":[{"count":2,"href":"https:\/\/rachelsumbu.com\/en\/wp-json\/wp\/v2\/posts\/3966\/revisions"}],"predecessor-version":[{"id":3970,"href":"https:\/\/rachelsumbu.com\/en\/wp-json\/wp\/v2\/posts\/3966\/revisions\/3970"}],"wp:featuredmedia":[{"embeddable":true,"href":"https:\/\/rachelsumbu.com\/en\/wp-json\/wp\/v2\/media\/3967"}],"wp:attachment":[{"href":"https:\/\/rachelsumbu.com\/en\/wp-json\/wp\/v2\/media?parent=3966"}],"wp:term":[{"taxonomy":"category","embeddable":true,"href":"https:\/\/rachelsumbu.com\/en\/wp-json\/wp\/v2\/categories?post=3966"},{"taxonomy":"post_tag","embeddable":true,"href":"https:\/\/rachelsumbu.com\/en\/wp-json\/wp\/v2\/tags?post=3966"}],"curies":[{"name":"wp","href":"https:\/\/api.w.org\/{rel}","templated":true}]}}