{"id":3403,"date":"2025-02-11T21:00:21","date_gmt":"2025-02-11T21:00:21","guid":{"rendered":"https:\/\/rachelsumbu.com\/?p=3403"},"modified":"2025-04-23T21:28:49","modified_gmt":"2025-04-23T21:28:49","slug":"conference-sur-lagriculture-et-la-securite-alimentaire-en-afrique-retour-en-images","status":"publish","type":"post","link":"https:\/\/rachelsumbu.com\/en\/conference-sur-lagriculture-et-la-securite-alimentaire-en-afrique-retour-en-images","title":{"rendered":"Conference on agriculture and food security in Africa, back in pictures"},"content":{"rendered":"<p class=\"wp-block-paragraph\">Le vendredi 7 f\u00e9vrier, les \u00e9quipes MOZA Consulting et Agro Finance Africa port\u00e9es par S.E.M Liliane Marat Massala Pascal Kouo et Michel Fossaert, ont r\u00e9uni pr\u00e8s de 250 convives dans le cadre d&#8217;une conf\u00e9rence ax\u00e9e sur l&#8217;agriculture et la s\u00e9curit\u00e9 alimentaire en Afrique \u00e0<br>l&#8217;InterContinental Paris le Grand .<\/p>\n\n\n\n<p class=\"wp-block-paragraph\">Ministres, Ambassadeurs, Repr\u00e9sentants d&#8217;institutions internationales, acteurs du secteur agricole pr\u00e9sents, sont revenus sur des questions cl\u00e9s telles que :<\/p>\n\n\n\n<p class=\"wp-block-paragraph\">\u27a1\ufe0f le financement pour le d\u00e9veloppement du secteur agricole en Afrique<br>\u27a1\ufe0f le renforcement de la formation profesisonnelle et d\u00e9veloppement de l\u2019employabilit\u00e9 des jeunes dans ce secteur<br>\u27a1\ufe0f la promotion de l&#8217;entrepreneuriat agricole<\/p>\n\n\n\n<p class=\"wp-block-paragraph\">En ma qualit\u00e9 de Journaliste ind\u00e9pendante, cet \u00e9v\u00e9nement a \u00e9t\u00e9 pour moi l&#8217;opportunit\u00e9 de m&#8217;entretenir avec des d\u00e9cideurs pr\u00e9sents, autour des enjeux, d\u00e9fis et opportunit\u00e9s du secteur agricole en Afrique.<\/p>\n\n\n\n<p class=\"wp-block-paragraph\">agrobusiness #agriculture #formation #entrepreneuriat #\u00e9conomie #agroindustry<\/p>\n\n\n\n<figure class=\"wp-block-gallery has-nested-images columns-default is-cropped wp-block-gallery-1 is-layout-flex wp-block-gallery-is-layout-flex\">\n<figure class=\"wp-block-image size-large\"><img fetchpriority=\"high\" decoding=\"async\" width=\"1024\" height=\"682\" data-id=\"3409\" src=\"https:\/\/rachelsumbu.com\/wp-content\/uploads\/2025\/02\/3-1024x682.jpeg\" alt=\"\" class=\"wp-image-3409\" srcset=\"https:\/\/rachelsumbu.com\/wp-content\/uploads\/2025\/02\/3-1024x682.jpeg 1024w, https:\/\/rachelsumbu.com\/wp-content\/uploads\/2025\/02\/3-300x200.jpeg 300w, https:\/\/rachelsumbu.com\/wp-content\/uploads\/2025\/02\/3-768x512.jpeg 768w, https:\/\/rachelsumbu.com\/wp-content\/uploads\/2025\/02\/3-1536x1023.jpeg 1536w, https:\/\/rachelsumbu.com\/wp-content\/uploads\/2025\/02\/3-390x260.jpeg 390w, https:\/\/rachelsumbu.com\/wp-content\/uploads\/2025\/02\/3-285x190.jpeg 285w, https:\/\/rachelsumbu.com\/wp-content\/uploads\/2025\/02\/3-600x400.jpeg 600w, https:\/\/rachelsumbu.com\/wp-content\/uploads\/2025\/02\/3.jpeg 1600w\" sizes=\"(max-width: 1024px) 100vw, 1024px\" \/><\/figure>\n\n\n\n<figure class=\"wp-block-image size-large\"><img decoding=\"async\" width=\"1600\" height=\"1066\" data-id=\"3407\" src=\"https:\/\/rachelsumbu.com\/wp-content\/uploads\/2025\/02\/2-1024x682.jpeg\" alt=\"\" class=\"wp-image-3407\" srcset=\"https:\/\/rachelsumbu.com\/wp-content\/uploads\/2025\/02\/2-1024x682.jpeg 1024w, https:\/\/rachelsumbu.com\/wp-content\/uploads\/2025\/02\/2-300x200.jpeg 300w, https:\/\/rachelsumbu.com\/wp-content\/uploads\/2025\/02\/2-768x512.jpeg 768w, https:\/\/rachelsumbu.com\/wp-content\/uploads\/2025\/02\/2-1536x1023.jpeg 1536w, https:\/\/rachelsumbu.com\/wp-content\/uploads\/2025\/02\/2-390x260.jpeg 390w, https:\/\/rachelsumbu.com\/wp-content\/uploads\/2025\/02\/2-285x190.jpeg 285w, https:\/\/rachelsumbu.com\/wp-content\/uploads\/2025\/02\/2-600x400.jpeg 600w, https:\/\/rachelsumbu.com\/wp-content\/uploads\/2025\/02\/2.jpeg 1600w\" sizes=\"(max-width: 1600px) 100vw, 1600px\" \/><\/figure>\n<\/figure>","protected":false},"excerpt":{"rendered":"<p> Le vendredi 7 f\u00e9vrier, les \u00e9quipes MOZA Consulting et Agro Finance Africa port\u00e9es par S.E.M Liliane Marat Massala Pascal Kouo et Michel Fossaert, ont r\u00e9uni pr\u00e8s de 250 convives dans le cadre d&#8217;une conf\u00e9rence ???? ax\u00e9e sur l&#8217;agriculture ???? et la s\u00e9curit\u00e9 alimentaire en Afrique \u00e0<br \/>\nl&#8217;InterContinental Paris le Grand<\/p>","protected":false},"author":1,"featured_media":3406,"comment_status":"open","ping_status":"open","sticky":false,"template":"","format":"standard","meta":{"_acf_changed":false,"_monsterinsights_skip_tracking":false,"footnotes":""},"categories":[75],"tags":[],"class_list":["post-3403","post","type-post","status-publish","format-standard","has-post-thumbnail","hentry","category-actualite"],"acf":[],"aioseo_notices":[],"aioseo_head":"\n\t\t<!-- All in One SEO 5.0.1.1 - aioseo.com -->\n\t<meta name=\"description\" content=\"Le vendredi 7 f\u00e9vrier, les \u00e9quipes MOZA Consulting et Agro Finance Africa port\u00e9es par S.E.M Liliane Marat Massala Pascal Kouo et Michel Fossaert, ont r\u00e9uni pr\u00e8s de 250 convives dans le cadre d&#039;une conf\u00e9rence ???? ax\u00e9e sur l&#039;agriculture ???? et la s\u00e9curit\u00e9 alimentaire en Afrique \u00e0 l&#039;InterContinental Paris le Grand\" \/>\n\t<meta name=\"robots\" content=\"max-image-preview:large\" \/>\n\t<meta name=\"author\" content=\"Rachel SUMBU\"\/>\n\t<link rel=\"canonical\" href=\"https:\/\/rachelsumbu.com\/en\/conference-sur-lagriculture-et-la-securite-alimentaire-en-afrique-retour-en-images\" \/>\n\t<meta name=\"generator\" content=\"All in One SEO (AIOSEO) 5.0.1.1\" \/>\n\t\t<meta property=\"og:locale\" content=\"en_US\" \/>\n\t\t<meta property=\"og:site_name\" content=\"Journaliste I Mod\u00e9ratrice &amp; MC internationale - Journaliste I Mod\u00e9ratrice &amp; MC internationale Engag\u00e9e sur les enjeux de coop\u00e9ration internationale\" \/>\n\t\t<meta property=\"og:type\" content=\"article\" \/>\n\t\t<meta property=\"og:title\" content=\"Conf\u00e9rence sur l\u2019agriculture et la s\u00e9curit\u00e9 alimentaire en Afrique, retour en images - Journaliste I Mod\u00e9ratrice &amp; MC internationale\" \/>\n\t\t<meta property=\"og:description\" content=\"Le vendredi 7 f\u00e9vrier, les \u00e9quipes MOZA Consulting et Agro Finance Africa port\u00e9es par S.E.M Liliane Marat Massala Pascal Kouo et Michel Fossaert, ont r\u00e9uni pr\u00e8s de 250 convives dans le cadre d&#039;une conf\u00e9rence ???? ax\u00e9e sur l&#039;agriculture ???? et la s\u00e9curit\u00e9 alimentaire en Afrique \u00e0 l&#039;InterContinental Paris le Grand\" \/>\n\t\t<meta property=\"og:url\" content=\"https:\/\/rachelsumbu.com\/en\/conference-sur-lagriculture-et-la-securite-alimentaire-en-afrique-retour-en-images\" \/>\n\t\t<meta property=\"article:published_time\" content=\"2025-02-11T21:00:21+00:00\" \/>\n\t\t<meta property=\"article:modified_time\" content=\"2025-04-23T21:28:49+00:00\" \/>\n\t\t<meta name=\"twitter:card\" content=\"summary_large_image\" \/>\n\t\t<meta name=\"twitter:title\" content=\"Conf\u00e9rence sur l\u2019agriculture et la s\u00e9curit\u00e9 alimentaire en Afrique, retour en images - Journaliste I Mod\u00e9ratrice &amp; MC internationale\" \/>\n\t\t<meta name=\"twitter:description\" content=\"Le vendredi 7 f\u00e9vrier, les \u00e9quipes MOZA Consulting et Agro Finance Africa port\u00e9es par S.E.M Liliane Marat Massala Pascal Kouo et Michel Fossaert, ont r\u00e9uni pr\u00e8s de 250 convives dans le cadre d&#039;une conf\u00e9rence ???? ax\u00e9e sur l&#039;agriculture ???? et la s\u00e9curit\u00e9 alimentaire en Afrique \u00e0 l&#039;InterContinental Paris le Grand\" \/>\n\t\t<script type=\"application\/ld+json\" class=\"aioseo-schema\">\n\t\t\t{\"@context\":\"https:\\\/\\\/schema.org\",\"@graph\":[{\"@type\":\"BlogPosting\",\"@id\":\"https:\\\/\\\/rachelsumbu.com\\\/en\\\/conference-sur-lagriculture-et-la-securite-alimentaire-en-afrique-retour-en-images#blogposting\",\"name\":\"Conf\\u00e9rence sur l\\u2019agriculture et la s\\u00e9curit\\u00e9 alimentaire en Afrique, retour en images - Journaliste I Mod\\u00e9ratrice & MC internationale\",\"headline\":\"Conf\\u00e9rence sur l&#8217;agriculture et la s\\u00e9curit\\u00e9 alimentaire en Afrique, retour en images\",\"author\":{\"@id\":\"https:\\\/\\\/rachelsumbu.com\\\/en\\\/author\\\/r_s_admin#author\"},\"publisher\":{\"@id\":\"https:\\\/\\\/rachelsumbu.com\\\/en\\\/#organization\"},\"image\":{\"@type\":\"ImageObject\",\"url\":\"https:\\\/\\\/rachelsumbu.com\\\/wp-content\\\/uploads\\\/2025\\\/02\\\/1.jpeg\",\"width\":1600,\"height\":899},\"datePublished\":\"2025-02-11T21:00:21+00:00\",\"dateModified\":\"2025-04-23T21:28:49+00:00\",\"inLanguage\":\"en-US\",\"mainEntityOfPage\":{\"@id\":\"https:\\\/\\\/rachelsumbu.com\\\/en\\\/conference-sur-lagriculture-et-la-securite-alimentaire-en-afrique-retour-en-images#webpage\"},\"isPartOf\":{\"@id\":\"https:\\\/\\\/rachelsumbu.com\\\/en\\\/conference-sur-lagriculture-et-la-securite-alimentaire-en-afrique-retour-en-images#webpage\"},\"articleSection\":\"Actualit\\u00e9\"},{\"@type\":\"BreadcrumbList\",\"@id\":\"https:\\\/\\\/rachelsumbu.com\\\/en\\\/conference-sur-lagriculture-et-la-securite-alimentaire-en-afrique-retour-en-images#breadcrumblist\",\"itemListElement\":[{\"@type\":\"ListItem\",\"@id\":\"https:\\\/\\\/rachelsumbu.com\\\/en#listItem\",\"position\":1,\"name\":\"Home\",\"item\":\"https:\\\/\\\/rachelsumbu.com\\\/en\",\"nextItem\":{\"@type\":\"ListItem\",\"@id\":\"https:\\\/\\\/rachelsumbu.com\\\/en\\\/category\\\/actualite#listItem\",\"name\":\"Actualit\\u00e9\"}},{\"@type\":\"ListItem\",\"@id\":\"https:\\\/\\\/rachelsumbu.com\\\/en\\\/category\\\/actualite#listItem\",\"position\":2,\"name\":\"Actualit\\u00e9\",\"item\":\"https:\\\/\\\/rachelsumbu.com\\\/en\\\/category\\\/actualite\",\"nextItem\":{\"@type\":\"ListItem\",\"@id\":\"https:\\\/\\\/rachelsumbu.com\\\/en\\\/conference-sur-lagriculture-et-la-securite-alimentaire-en-afrique-retour-en-images#listItem\",\"name\":\"Conf\\u00e9rence sur l&#8217;agriculture et la s\\u00e9curit\\u00e9 alimentaire en Afrique, retour en images\"},\"previousItem\":{\"@type\":\"ListItem\",\"@id\":\"https:\\\/\\\/rachelsumbu.com\\\/en#listItem\",\"name\":\"Home\"}},{\"@type\":\"ListItem\",\"@id\":\"https:\\\/\\\/rachelsumbu.com\\\/en\\\/conference-sur-lagriculture-et-la-securite-alimentaire-en-afrique-retour-en-images#listItem\",\"position\":3,\"name\":\"Conf\\u00e9rence sur l&#8217;agriculture et la s\\u00e9curit\\u00e9 alimentaire en Afrique, retour en images\",\"previousItem\":{\"@type\":\"ListItem\",\"@id\":\"https:\\\/\\\/rachelsumbu.com\\\/en\\\/category\\\/actualite#listItem\",\"name\":\"Actualit\\u00e9\"}}]},{\"@type\":\"Organization\",\"@id\":\"https:\\\/\\\/rachelsumbu.com\\\/en\\\/#organization\",\"name\":\"Rachel Sumbu\",\"description\":\"Journaliste I Mod\\u00e9ratrice & MC internationale Engag\\u00e9e sur les enjeux de coop\\u00e9ration internationale\",\"url\":\"https:\\\/\\\/rachelsumbu.com\\\/en\\\/\"},{\"@type\":\"Person\",\"@id\":\"https:\\\/\\\/rachelsumbu.com\\\/en\\\/author\\\/r_s_admin#author\",\"url\":\"https:\\\/\\\/rachelsumbu.com\\\/en\\\/author\\\/r_s_admin\",\"name\":\"Rachel SUMBU\",\"image\":{\"@type\":\"ImageObject\",\"@id\":\"https:\\\/\\\/rachelsumbu.com\\\/en\\\/conference-sur-lagriculture-et-la-securite-alimentaire-en-afrique-retour-en-images#authorImage\",\"url\":\"https:\\\/\\\/secure.gravatar.com\\\/avatar\\\/4d3d712542f00cba271ab4dc49b76f894276376b94b8c757477b19e4b38af199?s=96&d=mm&r=g\",\"width\":96,\"height\":96,\"caption\":\"Rachel SUMBU\"}},{\"@type\":\"WebPage\",\"@id\":\"https:\\\/\\\/rachelsumbu.com\\\/en\\\/conference-sur-lagriculture-et-la-securite-alimentaire-en-afrique-retour-en-images#webpage\",\"url\":\"https:\\\/\\\/rachelsumbu.com\\\/en\\\/conference-sur-lagriculture-et-la-securite-alimentaire-en-afrique-retour-en-images\",\"name\":\"Conf\\u00e9rence sur l\\u2019agriculture et la s\\u00e9curit\\u00e9 alimentaire en Afrique, retour en images - Journaliste I Mod\\u00e9ratrice & MC internationale\",\"description\":\"Le vendredi 7 f\\u00e9vrier, les \\u00e9quipes MOZA Consulting et Agro Finance Africa port\\u00e9es par S.E.M Liliane Marat Massala Pascal Kouo et Michel Fossaert, ont r\\u00e9uni pr\\u00e8s de 250 convives dans le cadre d'une conf\\u00e9rence ???? ax\\u00e9e sur l'agriculture ???? et la s\\u00e9curit\\u00e9 alimentaire en Afrique \\u00e0 l'InterContinental Paris le Grand\",\"inLanguage\":\"en-US\",\"isPartOf\":{\"@id\":\"https:\\\/\\\/rachelsumbu.com\\\/en\\\/#website\"},\"breadcrumb\":{\"@id\":\"https:\\\/\\\/rachelsumbu.com\\\/en\\\/conference-sur-lagriculture-et-la-securite-alimentaire-en-afrique-retour-en-images#breadcrumblist\"},\"author\":{\"@id\":\"https:\\\/\\\/rachelsumbu.com\\\/en\\\/author\\\/r_s_admin#author\"},\"creator\":{\"@id\":\"https:\\\/\\\/rachelsumbu.com\\\/en\\\/author\\\/r_s_admin#author\"},\"image\":{\"@type\":\"ImageObject\",\"url\":\"https:\\\/\\\/rachelsumbu.com\\\/wp-content\\\/uploads\\\/2025\\\/02\\\/1.jpeg\",\"@id\":\"https:\\\/\\\/rachelsumbu.com\\\/en\\\/conference-sur-lagriculture-et-la-securite-alimentaire-en-afrique-retour-en-images\\\/#mainImage\",\"width\":1600,\"height\":899},\"primaryImageOfPage\":{\"@id\":\"https:\\\/\\\/rachelsumbu.com\\\/en\\\/conference-sur-lagriculture-et-la-securite-alimentaire-en-afrique-retour-en-images#mainImage\"},\"datePublished\":\"2025-02-11T21:00:21+00:00\",\"dateModified\":\"2025-04-23T21:28:49+00:00\"},{\"@type\":\"WebSite\",\"@id\":\"https:\\\/\\\/rachelsumbu.com\\\/en\\\/#website\",\"url\":\"https:\\\/\\\/rachelsumbu.com\\\/en\\\/\",\"name\":\"Rachel Sumbu\",\"description\":\"Journaliste I Mod\\u00e9ratrice & MC internationale Engag\\u00e9e sur les enjeux de coop\\u00e9ration internationale\",\"inLanguage\":\"en-US\",\"publisher\":{\"@id\":\"https:\\\/\\\/rachelsumbu.com\\\/en\\\/#organization\"}}]}\n\t\t<\/script>\n\t\t<!-- All in One SEO -->\n\n","aioseo_head_json":{"title":"Conf\u00e9rence sur l\u2019agriculture et la s\u00e9curit\u00e9 alimentaire en Afrique, retour en images - Journaliste I Mod\u00e9ratrice & MC internationale","description":"Le vendredi 7 f\u00e9vrier, les \u00e9quipes MOZA Consulting et Agro Finance Africa port\u00e9es par S.E.M Liliane Marat Massala Pascal Kouo et Michel Fossaert, ont r\u00e9uni pr\u00e8s de 250 convives dans le cadre d'une conf\u00e9rence ???? ax\u00e9e sur l'agriculture ???? et la s\u00e9curit\u00e9 alimentaire en Afrique \u00e0 l'InterContinental Paris le Grand","canonical_url":"https:\/\/rachelsumbu.com\/en\/conference-sur-lagriculture-et-la-securite-alimentaire-en-afrique-retour-en-images","robots":"max-image-preview:large","keywords":"","webmasterTools":{"miscellaneous":""},"schema":{"@context":"https:\/\/schema.org","@graph":[{"@type":"BlogPosting","@id":"https:\/\/rachelsumbu.com\/en\/conference-sur-lagriculture-et-la-securite-alimentaire-en-afrique-retour-en-images#blogposting","name":"Conf\u00e9rence sur l\u2019agriculture et la s\u00e9curit\u00e9 alimentaire en Afrique, retour en images - Journaliste I Mod\u00e9ratrice & MC internationale","headline":"Conf\u00e9rence sur l&#8217;agriculture et la s\u00e9curit\u00e9 alimentaire en Afrique, retour en images","author":{"@id":"https:\/\/rachelsumbu.com\/en\/author\/r_s_admin#author"},"publisher":{"@id":"https:\/\/rachelsumbu.com\/en\/#organization"},"image":{"@type":"ImageObject","url":"https:\/\/rachelsumbu.com\/wp-content\/uploads\/2025\/02\/1.jpeg","width":1600,"height":899},"datePublished":"2025-02-11T21:00:21+00:00","dateModified":"2025-04-23T21:28:49+00:00","inLanguage":"en-US","mainEntityOfPage":{"@id":"https:\/\/rachelsumbu.com\/en\/conference-sur-lagriculture-et-la-securite-alimentaire-en-afrique-retour-en-images#webpage"},"isPartOf":{"@id":"https:\/\/rachelsumbu.com\/en\/conference-sur-lagriculture-et-la-securite-alimentaire-en-afrique-retour-en-images#webpage"},"articleSection":"Actualit\u00e9"},{"@type":"BreadcrumbList","@id":"https:\/\/rachelsumbu.com\/en\/conference-sur-lagriculture-et-la-securite-alimentaire-en-afrique-retour-en-images#breadcrumblist","itemListElement":[{"@type":"ListItem","@id":"https:\/\/rachelsumbu.com\/en#listItem","position":1,"name":"Home","item":"https:\/\/rachelsumbu.com\/en","nextItem":{"@type":"ListItem","@id":"https:\/\/rachelsumbu.com\/en\/category\/actualite#listItem","name":"Actualit\u00e9"}},{"@type":"ListItem","@id":"https:\/\/rachelsumbu.com\/en\/category\/actualite#listItem","position":2,"name":"Actualit\u00e9","item":"https:\/\/rachelsumbu.com\/en\/category\/actualite","nextItem":{"@type":"ListItem","@id":"https:\/\/rachelsumbu.com\/en\/conference-sur-lagriculture-et-la-securite-alimentaire-en-afrique-retour-en-images#listItem","name":"Conf\u00e9rence sur l&#8217;agriculture et la s\u00e9curit\u00e9 alimentaire en Afrique, retour en images"},"previousItem":{"@type":"ListItem","@id":"https:\/\/rachelsumbu.com\/en#listItem","name":"Home"}},{"@type":"ListItem","@id":"https:\/\/rachelsumbu.com\/en\/conference-sur-lagriculture-et-la-securite-alimentaire-en-afrique-retour-en-images#listItem","position":3,"name":"Conf\u00e9rence sur l&#8217;agriculture et la s\u00e9curit\u00e9 alimentaire en Afrique, retour en images","previousItem":{"@type":"ListItem","@id":"https:\/\/rachelsumbu.com\/en\/category\/actualite#listItem","name":"Actualit\u00e9"}}]},{"@type":"Organization","@id":"https:\/\/rachelsumbu.com\/en\/#organization","name":"Rachel Sumbu","description":"Journaliste I Mod\u00e9ratrice & MC internationale Engag\u00e9e sur les enjeux de coop\u00e9ration internationale","url":"https:\/\/rachelsumbu.com\/en\/"},{"@type":"Person","@id":"https:\/\/rachelsumbu.com\/en\/author\/r_s_admin#author","url":"https:\/\/rachelsumbu.com\/en\/author\/r_s_admin","name":"Rachel SUMBU","image":{"@type":"ImageObject","@id":"https:\/\/rachelsumbu.com\/en\/conference-sur-lagriculture-et-la-securite-alimentaire-en-afrique-retour-en-images#authorImage","url":"https:\/\/secure.gravatar.com\/avatar\/4d3d712542f00cba271ab4dc49b76f894276376b94b8c757477b19e4b38af199?s=96&d=mm&r=g","width":96,"height":96,"caption":"Rachel SUMBU"}},{"@type":"WebPage","@id":"https:\/\/rachelsumbu.com\/en\/conference-sur-lagriculture-et-la-securite-alimentaire-en-afrique-retour-en-images#webpage","url":"https:\/\/rachelsumbu.com\/en\/conference-sur-lagriculture-et-la-securite-alimentaire-en-afrique-retour-en-images","name":"Conf\u00e9rence sur l\u2019agriculture et la s\u00e9curit\u00e9 alimentaire en Afrique, retour en images - Journaliste I Mod\u00e9ratrice & MC internationale","description":"Le vendredi 7 f\u00e9vrier, les \u00e9quipes MOZA Consulting et Agro Finance Africa port\u00e9es par S.E.M Liliane Marat Massala Pascal Kouo et Michel Fossaert, ont r\u00e9uni pr\u00e8s de 250 convives dans le cadre d'une conf\u00e9rence ???? ax\u00e9e sur l'agriculture ???? et la s\u00e9curit\u00e9 alimentaire en Afrique \u00e0 l'InterContinental Paris le Grand","inLanguage":"en-US","isPartOf":{"@id":"https:\/\/rachelsumbu.com\/en\/#website"},"breadcrumb":{"@id":"https:\/\/rachelsumbu.com\/en\/conference-sur-lagriculture-et-la-securite-alimentaire-en-afrique-retour-en-images#breadcrumblist"},"author":{"@id":"https:\/\/rachelsumbu.com\/en\/author\/r_s_admin#author"},"creator":{"@id":"https:\/\/rachelsumbu.com\/en\/author\/r_s_admin#author"},"image":{"@type":"ImageObject","url":"https:\/\/rachelsumbu.com\/wp-content\/uploads\/2025\/02\/1.jpeg","@id":"https:\/\/rachelsumbu.com\/en\/conference-sur-lagriculture-et-la-securite-alimentaire-en-afrique-retour-en-images\/#mainImage","width":1600,"height":899},"primaryImageOfPage":{"@id":"https:\/\/rachelsumbu.com\/en\/conference-sur-lagriculture-et-la-securite-alimentaire-en-afrique-retour-en-images#mainImage"},"datePublished":"2025-02-11T21:00:21+00:00","dateModified":"2025-04-23T21:28:49+00:00"},{"@type":"WebSite","@id":"https:\/\/rachelsumbu.com\/en\/#website","url":"https:\/\/rachelsumbu.com\/en\/","name":"Rachel Sumbu","description":"Journaliste I Mod\u00e9ratrice & MC internationale Engag\u00e9e sur les enjeux de coop\u00e9ration internationale","inLanguage":"en-US","publisher":{"@id":"https:\/\/rachelsumbu.com\/en\/#organization"}}]},"og:locale":"en_US","og:site_name":"Journaliste I Mod\u00e9ratrice &amp; MC internationale - Journaliste I Mod\u00e9ratrice &amp; MC internationale Engag\u00e9e sur les enjeux de coop\u00e9ration internationale","og:type":"article","og:title":"Conf\u00e9rence sur l\u2019agriculture et la s\u00e9curit\u00e9 alimentaire en Afrique, retour en images - Journaliste I Mod\u00e9ratrice &amp; MC internationale","og:description":"Le vendredi 7 f\u00e9vrier, les \u00e9quipes MOZA Consulting et Agro Finance Africa port\u00e9es par S.E.M Liliane Marat Massala Pascal Kouo et Michel Fossaert, ont r\u00e9uni pr\u00e8s de 250 convives dans le cadre d'une conf\u00e9rence ???? ax\u00e9e sur l'agriculture ???? et la s\u00e9curit\u00e9 alimentaire en Afrique \u00e0 l'InterContinental Paris le Grand","og:url":"https:\/\/rachelsumbu.com\/en\/conference-sur-lagriculture-et-la-securite-alimentaire-en-afrique-retour-en-images","article:published_time":"2025-02-11T21:00:21+00:00","article:modified_time":"2025-04-23T21:28:49+00:00","twitter:card":"summary_large_image","twitter:title":"Conf\u00e9rence sur l\u2019agriculture et la s\u00e9curit\u00e9 alimentaire en Afrique, retour en images - Journaliste I Mod\u00e9ratrice &amp; MC internationale","twitter:description":"Le vendredi 7 f\u00e9vrier, les \u00e9quipes MOZA Consulting et Agro Finance Africa port\u00e9es par S.E.M Liliane Marat Massala Pascal Kouo et Michel Fossaert, ont r\u00e9uni pr\u00e8s de 250 convives dans le cadre d'une conf\u00e9rence ???? ax\u00e9e sur l'agriculture ???? et la s\u00e9curit\u00e9 alimentaire en Afrique \u00e0 l'InterContinental Paris le Grand"},"aioseo_meta_data":{"post_id":"3403","title":null,"description":null,"keywords":null,"keyphrases":{"focus":{"keyphrase":"","score":0,"analysis":{"keyphraseInTitle":{"score":0,"maxScore":9,"error":1}}},"additional":[]},"primary_term":null,"canonical_url":null,"og_title":null,"og_description":null,"og_object_type":"default","og_image_type":"default","og_image_url":null,"og_image_width":null,"og_image_height":null,"og_image_custom_url":null,"og_image_custom_fields":null,"og_video":"","og_custom_url":null,"og_article_section":null,"og_article_tags":null,"twitter_use_og":false,"twitter_card":"default","twitter_image_type":"default","twitter_image_url":null,"twitter_image_custom_url":null,"twitter_image_custom_fields":null,"twitter_title":null,"twitter_description":null,"schema":{"blockGraphs":[],"customGraphs":[],"default":{"data":{"Article":[],"Course":[],"Dataset":[],"FAQPage":[],"Movie":[],"Person":[],"Product":[],"ProductReview":[],"Car":[],"Recipe":[],"Service":[],"SoftwareApplication":[],"WebPage":[]},"graphName":"BlogPosting","isEnabled":true},"graphs":[]},"schema_type":"default","schema_type_options":null,"pillar_content":false,"robots_default":true,"robots_noindex":false,"robots_noarchive":false,"robots_nosnippet":false,"robots_nofollow":false,"robots_noimageindex":false,"robots_noodp":false,"robots_notranslate":false,"robots_max_snippet":"-1","robots_max_videopreview":"-1","robots_max_imagepreview":"large","priority":null,"frequency":"default","local_seo":null,"breadcrumb_settings":null,"limit_modified_date":false,"ai":null,"created":"2025-02-11 21:10:15","updated":"2025-06-03 21:52:55","seo_analyzer_scan_date":null,"focus_keyword":null,"additional_keywords":null,"truseo_locale":null},"aioseo_breadcrumb":"<div class=\"aioseo-breadcrumbs\"><span class=\"aioseo-breadcrumb\">\n\t\t\t<a href=\"https:\/\/rachelsumbu.com\/en\" title=\"Home\">Home<\/a>\n\t\t<\/span><span class=\"aioseo-breadcrumb-separator\">&raquo;<\/span><span class=\"aioseo-breadcrumb\">\n\t\t\t<a href=\"https:\/\/rachelsumbu.com\/en\/category\/actualite\" title=\"Actualit\u00e9\">Actualit\u00e9<\/a>\n\t\t<\/span><span class=\"aioseo-breadcrumb-separator\">&raquo;<\/span><span class=\"aioseo-breadcrumb\">\n\t\t\tConf\u00e9rence sur l\u2019agriculture et la s\u00e9curit\u00e9 alimentaire en Afrique, retour en images\n\t\t<\/span><\/div>","aioseo_breadcrumb_json":[{"label":"Home","link":"https:\/\/rachelsumbu.com\/en"},{"label":"Actualit\u00e9","link":"https:\/\/rachelsumbu.com\/en\/category\/actualite"},{"label":"Conf\u00e9rence sur l&#8217;agriculture et la s\u00e9curit\u00e9 alimentaire en Afrique, retour en images","link":"https:\/\/rachelsumbu.com\/en\/conference-sur-lagriculture-et-la-securite-alimentaire-en-afrique-retour-en-images"}],"_links":{"self":[{"href":"https:\/\/rachelsumbu.com\/en\/wp-json\/wp\/v2\/posts\/3403","targetHints":{"allow":["GET"]}}],"collection":[{"href":"https:\/\/rachelsumbu.com\/en\/wp-json\/wp\/v2\/posts"}],"about":[{"href":"https:\/\/rachelsumbu.com\/en\/wp-json\/wp\/v2\/types\/post"}],"author":[{"embeddable":true,"href":"https:\/\/rachelsumbu.com\/en\/wp-json\/wp\/v2\/users\/1"}],"replies":[{"embeddable":true,"href":"https:\/\/rachelsumbu.com\/en\/wp-json\/wp\/v2\/comments?post=3403"}],"version-history":[{"count":3,"href":"https:\/\/rachelsumbu.com\/en\/wp-json\/wp\/v2\/posts\/3403\/revisions"}],"predecessor-version":[{"id":3427,"href":"https:\/\/rachelsumbu.com\/en\/wp-json\/wp\/v2\/posts\/3403\/revisions\/3427"}],"wp:featuredmedia":[{"embeddable":true,"href":"https:\/\/rachelsumbu.com\/en\/wp-json\/wp\/v2\/media\/3406"}],"wp:attachment":[{"href":"https:\/\/rachelsumbu.com\/en\/wp-json\/wp\/v2\/media?parent=3403"}],"wp:term":[{"taxonomy":"category","embeddable":true,"href":"https:\/\/rachelsumbu.com\/en\/wp-json\/wp\/v2\/categories?post=3403"},{"taxonomy":"post_tag","embeddable":true,"href":"https:\/\/rachelsumbu.com\/en\/wp-json\/wp\/v2\/tags?post=3403"}],"curies":[{"name":"wp","href":"https:\/\/api.w.org\/{rel}","templated":true}]}}