{"id":3388,"date":"2025-02-02T10:03:14","date_gmt":"2025-02-02T10:03:14","guid":{"rendered":"https:\/\/rachelsumbu.com\/?p=3388"},"modified":"2025-12-28T16:05:07","modified_gmt":"2025-12-28T16:05:07","slug":"entretien-avec-m-wankele-mene-secretaire-general-de-la-zone-de-libre-echange-continentale-africaine-zlecaf","status":"publish","type":"post","link":"https:\/\/rachelsumbu.com\/en\/entretien-avec-m-wankele-mene-secretaire-general-de-la-zone-de-libre-echange-continentale-africaine-zlecaf","title":{"rendered":"Interview with Mr Wankele Mene, General Secretary of the African continental free trade area (AfCFTA)"},"content":{"rendered":"\n<p class=\"wp-block-paragraph\">&#8220;I would say to Africans that Zlecaf is for them. It is negociated by the governments but it is for the private sector. It is for entrepreneurs, it is for small and medium entreprises, it is for them to take advantage of. No SME should remain SME forever [&#8230;]<br>My message is very clear, this is for the private sector in Africa, wether you are a SME, a large corporation, this is a market that you should take advantage of&#8221;;<br><br>declared Mr Wankele Mene , General Secretary of the <a href=\"https:\/\/www.linkedin.com\/company\/afcfta-secretariat\/\">African Continental Free Trade Area (AfCFTA) Secretariat<\/a> during our exchange at the <a href=\"https:\/\/www.linkedin.com\/company\/rebrandingafrica-forum\/\">Rebranding Africa Forum<\/a> in Bruxels, Belgium last October.<br><br>He also highlighted the fact that In order for AfCFTA to be able to integrate African markets, to facilitate intra-African trade and promote regional economic development, it is crucial that the established free trade regulations are followed by all.<\/p>\n\n\n\n<figure class=\"wp-block-embed is-type-video is-provider-youtube wp-block-embed-youtube wp-embed-aspect-16-9 wp-has-aspect-ratio\"><div class=\"wp-block-embed__wrapper\">\n<iframe title=\"RAFTV : ITW of the General Secretary of AfCFTA, Wankele Mene \u2013 the importance of market rules\" width=\"640\" height=\"360\" src=\"https:\/\/www.youtube.com\/embed\/ty8TVKkcqvc?feature=oembed\" frameborder=\"0\" allow=\"accelerometer; autoplay; clipboard-write; encrypted-media; gyroscope; picture-in-picture; web-share\" referrerpolicy=\"strict-origin-when-cross-origin\" allowfullscreen><\/iframe>\n<\/div><\/figure>\n\n\n\n<p class=\"wp-block-paragraph\"><\/p>\n","protected":false},"excerpt":{"rendered":"<p>&#8220;I would say to Africans that Zlecaf is for them. It is negociated by the governments but it is for the private sector. It is for entrepreneurs, it is for small and medium entreprises, it is for them to take advantage of. No SME should remain SME forever [&#8230;]My message is very clear, this is [&hellip;]<\/p>\n","protected":false},"author":1,"featured_media":3393,"comment_status":"open","ping_status":"open","sticky":false,"template":"","format":"standard","meta":{"_acf_changed":false,"_monsterinsights_skip_tracking":false,"footnotes":""},"categories":[75],"tags":[],"class_list":["post-3388","post","type-post","status-publish","format-standard","has-post-thumbnail","hentry","category-actualite"],"acf":[],"aioseo_notices":[],"aioseo_head":"\n\t\t<!-- All in One SEO 5.0.1.1 - aioseo.com -->\n\t<meta name=\"description\" content=\"&quot;I would say to Africans that Zlecaf is for them. It is negociated by the governments but it is for the private sector. It is for entrepreneurs, it is for small and medium entreprises, it is for them to take advantage of. No SME should remain SME forever [...]My message is very clear, this is\" \/>\n\t<meta name=\"robots\" content=\"max-image-preview:large\" \/>\n\t<meta name=\"author\" content=\"Rachel SUMBU\"\/>\n\t<link rel=\"canonical\" href=\"https:\/\/rachelsumbu.com\/en\/entretien-avec-m-wankele-mene-secretaire-general-de-la-zone-de-libre-echange-continentale-africaine-zlecaf\" \/>\n\t<meta name=\"generator\" content=\"All in One SEO (AIOSEO) 5.0.1.1\" \/>\n\t\t<meta property=\"og:locale\" content=\"en_US\" \/>\n\t\t<meta property=\"og:site_name\" content=\"Journaliste I Mod\u00e9ratrice &amp; MC internationale - Journaliste I Mod\u00e9ratrice &amp; MC internationale Engag\u00e9e sur les enjeux de coop\u00e9ration internationale\" \/>\n\t\t<meta property=\"og:type\" content=\"article\" \/>\n\t\t<meta property=\"og:title\" content=\"Interview with Mr Wankele Mene, General Secretary of the African continental free trade area (AfCFTA) - Journaliste I Mod\u00e9ratrice &amp; MC internationale\" \/>\n\t\t<meta property=\"og:description\" content=\"&quot;I would say to Africans that Zlecaf is for them. It is negociated by the governments but it is for the private sector. It is for entrepreneurs, it is for small and medium entreprises, it is for them to take advantage of. No SME should remain SME forever [...]My message is very clear, this is\" \/>\n\t\t<meta property=\"og:url\" content=\"https:\/\/rachelsumbu.com\/en\/entretien-avec-m-wankele-mene-secretaire-general-de-la-zone-de-libre-echange-continentale-africaine-zlecaf\" \/>\n\t\t<meta property=\"article:published_time\" content=\"2025-02-02T10:03:14+00:00\" \/>\n\t\t<meta property=\"article:modified_time\" content=\"2025-12-28T16:05:07+00:00\" \/>\n\t\t<meta name=\"twitter:card\" content=\"summary_large_image\" \/>\n\t\t<meta name=\"twitter:title\" content=\"Interview with Mr Wankele Mene, General Secretary of the African continental free trade area (AfCFTA) - Journaliste I Mod\u00e9ratrice &amp; MC internationale\" \/>\n\t\t<meta name=\"twitter:description\" content=\"&quot;I would say to Africans that Zlecaf is for them. It is negociated by the governments but it is for the private sector. It is for entrepreneurs, it is for small and medium entreprises, it is for them to take advantage of. No SME should remain SME forever [...]My message is very clear, this is\" \/>\n\t\t<script type=\"application\/ld+json\" class=\"aioseo-schema\">\n\t\t\t{\"@context\":\"https:\\\/\\\/schema.org\",\"@graph\":[{\"@type\":\"BlogPosting\",\"@id\":\"https:\\\/\\\/rachelsumbu.com\\\/en\\\/entretien-avec-m-wankele-mene-secretaire-general-de-la-zone-de-libre-echange-continentale-africaine-zlecaf#blogposting\",\"name\":\"Interview with Mr Wankele Mene, General Secretary of the African continental free trade area (AfCFTA) - Journaliste I Mod\\u00e9ratrice & MC internationale\",\"headline\":\"Interview with Mr Wankele Mene, General Secretary of the African continental free trade area (AfCFTA)\",\"author\":{\"@id\":\"https:\\\/\\\/rachelsumbu.com\\\/en\\\/author\\\/r_s_admin#author\"},\"publisher\":{\"@id\":\"https:\\\/\\\/rachelsumbu.com\\\/en\\\/#organization\"},\"image\":{\"@type\":\"ImageObject\",\"url\":\"https:\\\/\\\/rachelsumbu.com\\\/wp-content\\\/uploads\\\/2025\\\/02\\\/zlecaf_itw_en.png\",\"width\":1200,\"height\":642},\"datePublished\":\"2025-02-02T10:03:14+00:00\",\"dateModified\":\"2025-12-28T16:05:07+00:00\",\"inLanguage\":\"en-US\",\"mainEntityOfPage\":{\"@id\":\"https:\\\/\\\/rachelsumbu.com\\\/en\\\/entretien-avec-m-wankele-mene-secretaire-general-de-la-zone-de-libre-echange-continentale-africaine-zlecaf#webpage\"},\"isPartOf\":{\"@id\":\"https:\\\/\\\/rachelsumbu.com\\\/en\\\/entretien-avec-m-wankele-mene-secretaire-general-de-la-zone-de-libre-echange-continentale-africaine-zlecaf#webpage\"},\"articleSection\":\"Actualit\\u00e9\"},{\"@type\":\"BreadcrumbList\",\"@id\":\"https:\\\/\\\/rachelsumbu.com\\\/en\\\/entretien-avec-m-wankele-mene-secretaire-general-de-la-zone-de-libre-echange-continentale-africaine-zlecaf#breadcrumblist\",\"itemListElement\":[{\"@type\":\"ListItem\",\"@id\":\"https:\\\/\\\/rachelsumbu.com\\\/en#listItem\",\"position\":1,\"name\":\"Home\",\"item\":\"https:\\\/\\\/rachelsumbu.com\\\/en\",\"nextItem\":{\"@type\":\"ListItem\",\"@id\":\"https:\\\/\\\/rachelsumbu.com\\\/en\\\/category\\\/actualite#listItem\",\"name\":\"Actualit\\u00e9\"}},{\"@type\":\"ListItem\",\"@id\":\"https:\\\/\\\/rachelsumbu.com\\\/en\\\/category\\\/actualite#listItem\",\"position\":2,\"name\":\"Actualit\\u00e9\",\"item\":\"https:\\\/\\\/rachelsumbu.com\\\/en\\\/category\\\/actualite\",\"nextItem\":{\"@type\":\"ListItem\",\"@id\":\"https:\\\/\\\/rachelsumbu.com\\\/en\\\/entretien-avec-m-wankele-mene-secretaire-general-de-la-zone-de-libre-echange-continentale-africaine-zlecaf#listItem\",\"name\":\"Interview with Mr Wankele Mene, General Secretary of the African continental free trade area (AfCFTA)\"},\"previousItem\":{\"@type\":\"ListItem\",\"@id\":\"https:\\\/\\\/rachelsumbu.com\\\/en#listItem\",\"name\":\"Home\"}},{\"@type\":\"ListItem\",\"@id\":\"https:\\\/\\\/rachelsumbu.com\\\/en\\\/entretien-avec-m-wankele-mene-secretaire-general-de-la-zone-de-libre-echange-continentale-africaine-zlecaf#listItem\",\"position\":3,\"name\":\"Interview with Mr Wankele Mene, General Secretary of the African continental free trade area (AfCFTA)\",\"previousItem\":{\"@type\":\"ListItem\",\"@id\":\"https:\\\/\\\/rachelsumbu.com\\\/en\\\/category\\\/actualite#listItem\",\"name\":\"Actualit\\u00e9\"}}]},{\"@type\":\"Organization\",\"@id\":\"https:\\\/\\\/rachelsumbu.com\\\/en\\\/#organization\",\"name\":\"Rachel Sumbu\",\"description\":\"Journaliste I Mod\\u00e9ratrice & MC internationale Engag\\u00e9e sur les enjeux de coop\\u00e9ration internationale\",\"url\":\"https:\\\/\\\/rachelsumbu.com\\\/en\\\/\"},{\"@type\":\"Person\",\"@id\":\"https:\\\/\\\/rachelsumbu.com\\\/en\\\/author\\\/r_s_admin#author\",\"url\":\"https:\\\/\\\/rachelsumbu.com\\\/en\\\/author\\\/r_s_admin\",\"name\":\"Rachel SUMBU\",\"image\":{\"@type\":\"ImageObject\",\"@id\":\"https:\\\/\\\/rachelsumbu.com\\\/en\\\/entretien-avec-m-wankele-mene-secretaire-general-de-la-zone-de-libre-echange-continentale-africaine-zlecaf#authorImage\",\"url\":\"https:\\\/\\\/secure.gravatar.com\\\/avatar\\\/4d3d712542f00cba271ab4dc49b76f894276376b94b8c757477b19e4b38af199?s=96&d=mm&r=g\",\"width\":96,\"height\":96,\"caption\":\"Rachel SUMBU\"}},{\"@type\":\"WebPage\",\"@id\":\"https:\\\/\\\/rachelsumbu.com\\\/en\\\/entretien-avec-m-wankele-mene-secretaire-general-de-la-zone-de-libre-echange-continentale-africaine-zlecaf#webpage\",\"url\":\"https:\\\/\\\/rachelsumbu.com\\\/en\\\/entretien-avec-m-wankele-mene-secretaire-general-de-la-zone-de-libre-echange-continentale-africaine-zlecaf\",\"name\":\"Interview with Mr Wankele Mene, General Secretary of the African continental free trade area (AfCFTA) - Journaliste I Mod\\u00e9ratrice & MC internationale\",\"description\":\"\\\"I would say to Africans that Zlecaf is for them. It is negociated by the governments but it is for the private sector. It is for entrepreneurs, it is for small and medium entreprises, it is for them to take advantage of. No SME should remain SME forever [...]My message is very clear, this is\",\"inLanguage\":\"en-US\",\"isPartOf\":{\"@id\":\"https:\\\/\\\/rachelsumbu.com\\\/en\\\/#website\"},\"breadcrumb\":{\"@id\":\"https:\\\/\\\/rachelsumbu.com\\\/en\\\/entretien-avec-m-wankele-mene-secretaire-general-de-la-zone-de-libre-echange-continentale-africaine-zlecaf#breadcrumblist\"},\"author\":{\"@id\":\"https:\\\/\\\/rachelsumbu.com\\\/en\\\/author\\\/r_s_admin#author\"},\"creator\":{\"@id\":\"https:\\\/\\\/rachelsumbu.com\\\/en\\\/author\\\/r_s_admin#author\"},\"image\":{\"@type\":\"ImageObject\",\"url\":\"https:\\\/\\\/rachelsumbu.com\\\/wp-content\\\/uploads\\\/2025\\\/02\\\/zlecaf_itw_en.png\",\"@id\":\"https:\\\/\\\/rachelsumbu.com\\\/en\\\/entretien-avec-m-wankele-mene-secretaire-general-de-la-zone-de-libre-echange-continentale-africaine-zlecaf\\\/#mainImage\",\"width\":1200,\"height\":642},\"primaryImageOfPage\":{\"@id\":\"https:\\\/\\\/rachelsumbu.com\\\/en\\\/entretien-avec-m-wankele-mene-secretaire-general-de-la-zone-de-libre-echange-continentale-africaine-zlecaf#mainImage\"},\"datePublished\":\"2025-02-02T10:03:14+00:00\",\"dateModified\":\"2025-12-28T16:05:07+00:00\"},{\"@type\":\"WebSite\",\"@id\":\"https:\\\/\\\/rachelsumbu.com\\\/en\\\/#website\",\"url\":\"https:\\\/\\\/rachelsumbu.com\\\/en\\\/\",\"name\":\"Rachel Sumbu\",\"description\":\"Journaliste I Mod\\u00e9ratrice & MC internationale Engag\\u00e9e sur les enjeux de coop\\u00e9ration internationale\",\"inLanguage\":\"en-US\",\"publisher\":{\"@id\":\"https:\\\/\\\/rachelsumbu.com\\\/en\\\/#organization\"}}]}\n\t\t<\/script>\n\t\t<!-- All in One SEO -->\n\n","aioseo_head_json":{"title":"Interview with Mr Wankele Mene, General Secretary of the African continental free trade area (AfCFTA) - Journaliste I Mod\u00e9ratrice & MC internationale","description":"\"I would say to Africans that Zlecaf is for them. It is negociated by the governments but it is for the private sector. It is for entrepreneurs, it is for small and medium entreprises, it is for them to take advantage of. No SME should remain SME forever [...]My message is very clear, this is","canonical_url":"https:\/\/rachelsumbu.com\/en\/entretien-avec-m-wankele-mene-secretaire-general-de-la-zone-de-libre-echange-continentale-africaine-zlecaf","robots":"max-image-preview:large","keywords":"","webmasterTools":{"miscellaneous":""},"schema":{"@context":"https:\/\/schema.org","@graph":[{"@type":"BlogPosting","@id":"https:\/\/rachelsumbu.com\/en\/entretien-avec-m-wankele-mene-secretaire-general-de-la-zone-de-libre-echange-continentale-africaine-zlecaf#blogposting","name":"Interview with Mr Wankele Mene, General Secretary of the African continental free trade area (AfCFTA) - Journaliste I Mod\u00e9ratrice & MC internationale","headline":"Interview with Mr Wankele Mene, General Secretary of the African continental free trade area (AfCFTA)","author":{"@id":"https:\/\/rachelsumbu.com\/en\/author\/r_s_admin#author"},"publisher":{"@id":"https:\/\/rachelsumbu.com\/en\/#organization"},"image":{"@type":"ImageObject","url":"https:\/\/rachelsumbu.com\/wp-content\/uploads\/2025\/02\/zlecaf_itw_en.png","width":1200,"height":642},"datePublished":"2025-02-02T10:03:14+00:00","dateModified":"2025-12-28T16:05:07+00:00","inLanguage":"en-US","mainEntityOfPage":{"@id":"https:\/\/rachelsumbu.com\/en\/entretien-avec-m-wankele-mene-secretaire-general-de-la-zone-de-libre-echange-continentale-africaine-zlecaf#webpage"},"isPartOf":{"@id":"https:\/\/rachelsumbu.com\/en\/entretien-avec-m-wankele-mene-secretaire-general-de-la-zone-de-libre-echange-continentale-africaine-zlecaf#webpage"},"articleSection":"Actualit\u00e9"},{"@type":"BreadcrumbList","@id":"https:\/\/rachelsumbu.com\/en\/entretien-avec-m-wankele-mene-secretaire-general-de-la-zone-de-libre-echange-continentale-africaine-zlecaf#breadcrumblist","itemListElement":[{"@type":"ListItem","@id":"https:\/\/rachelsumbu.com\/en#listItem","position":1,"name":"Home","item":"https:\/\/rachelsumbu.com\/en","nextItem":{"@type":"ListItem","@id":"https:\/\/rachelsumbu.com\/en\/category\/actualite#listItem","name":"Actualit\u00e9"}},{"@type":"ListItem","@id":"https:\/\/rachelsumbu.com\/en\/category\/actualite#listItem","position":2,"name":"Actualit\u00e9","item":"https:\/\/rachelsumbu.com\/en\/category\/actualite","nextItem":{"@type":"ListItem","@id":"https:\/\/rachelsumbu.com\/en\/entretien-avec-m-wankele-mene-secretaire-general-de-la-zone-de-libre-echange-continentale-africaine-zlecaf#listItem","name":"Interview with Mr Wankele Mene, General Secretary of the African continental free trade area (AfCFTA)"},"previousItem":{"@type":"ListItem","@id":"https:\/\/rachelsumbu.com\/en#listItem","name":"Home"}},{"@type":"ListItem","@id":"https:\/\/rachelsumbu.com\/en\/entretien-avec-m-wankele-mene-secretaire-general-de-la-zone-de-libre-echange-continentale-africaine-zlecaf#listItem","position":3,"name":"Interview with Mr Wankele Mene, General Secretary of the African continental free trade area (AfCFTA)","previousItem":{"@type":"ListItem","@id":"https:\/\/rachelsumbu.com\/en\/category\/actualite#listItem","name":"Actualit\u00e9"}}]},{"@type":"Organization","@id":"https:\/\/rachelsumbu.com\/en\/#organization","name":"Rachel Sumbu","description":"Journaliste I Mod\u00e9ratrice & MC internationale Engag\u00e9e sur les enjeux de coop\u00e9ration internationale","url":"https:\/\/rachelsumbu.com\/en\/"},{"@type":"Person","@id":"https:\/\/rachelsumbu.com\/en\/author\/r_s_admin#author","url":"https:\/\/rachelsumbu.com\/en\/author\/r_s_admin","name":"Rachel SUMBU","image":{"@type":"ImageObject","@id":"https:\/\/rachelsumbu.com\/en\/entretien-avec-m-wankele-mene-secretaire-general-de-la-zone-de-libre-echange-continentale-africaine-zlecaf#authorImage","url":"https:\/\/secure.gravatar.com\/avatar\/4d3d712542f00cba271ab4dc49b76f894276376b94b8c757477b19e4b38af199?s=96&d=mm&r=g","width":96,"height":96,"caption":"Rachel SUMBU"}},{"@type":"WebPage","@id":"https:\/\/rachelsumbu.com\/en\/entretien-avec-m-wankele-mene-secretaire-general-de-la-zone-de-libre-echange-continentale-africaine-zlecaf#webpage","url":"https:\/\/rachelsumbu.com\/en\/entretien-avec-m-wankele-mene-secretaire-general-de-la-zone-de-libre-echange-continentale-africaine-zlecaf","name":"Interview with Mr Wankele Mene, General Secretary of the African continental free trade area (AfCFTA) - Journaliste I Mod\u00e9ratrice & MC internationale","description":"\"I would say to Africans that Zlecaf is for them. It is negociated by the governments but it is for the private sector. It is for entrepreneurs, it is for small and medium entreprises, it is for them to take advantage of. No SME should remain SME forever [...]My message is very clear, this is","inLanguage":"en-US","isPartOf":{"@id":"https:\/\/rachelsumbu.com\/en\/#website"},"breadcrumb":{"@id":"https:\/\/rachelsumbu.com\/en\/entretien-avec-m-wankele-mene-secretaire-general-de-la-zone-de-libre-echange-continentale-africaine-zlecaf#breadcrumblist"},"author":{"@id":"https:\/\/rachelsumbu.com\/en\/author\/r_s_admin#author"},"creator":{"@id":"https:\/\/rachelsumbu.com\/en\/author\/r_s_admin#author"},"image":{"@type":"ImageObject","url":"https:\/\/rachelsumbu.com\/wp-content\/uploads\/2025\/02\/zlecaf_itw_en.png","@id":"https:\/\/rachelsumbu.com\/en\/entretien-avec-m-wankele-mene-secretaire-general-de-la-zone-de-libre-echange-continentale-africaine-zlecaf\/#mainImage","width":1200,"height":642},"primaryImageOfPage":{"@id":"https:\/\/rachelsumbu.com\/en\/entretien-avec-m-wankele-mene-secretaire-general-de-la-zone-de-libre-echange-continentale-africaine-zlecaf#mainImage"},"datePublished":"2025-02-02T10:03:14+00:00","dateModified":"2025-12-28T16:05:07+00:00"},{"@type":"WebSite","@id":"https:\/\/rachelsumbu.com\/en\/#website","url":"https:\/\/rachelsumbu.com\/en\/","name":"Rachel Sumbu","description":"Journaliste I Mod\u00e9ratrice & MC internationale Engag\u00e9e sur les enjeux de coop\u00e9ration internationale","inLanguage":"en-US","publisher":{"@id":"https:\/\/rachelsumbu.com\/en\/#organization"}}]},"og:locale":"en_US","og:site_name":"Journaliste I Mod\u00e9ratrice &amp; MC internationale - Journaliste I Mod\u00e9ratrice &amp; MC internationale Engag\u00e9e sur les enjeux de coop\u00e9ration internationale","og:type":"article","og:title":"Interview with Mr Wankele Mene, General Secretary of the African continental free trade area (AfCFTA) - Journaliste I Mod\u00e9ratrice &amp; MC internationale","og:description":"&quot;I would say to Africans that Zlecaf is for them. It is negociated by the governments but it is for the private sector. It is for entrepreneurs, it is for small and medium entreprises, it is for them to take advantage of. No SME should remain SME forever [...]My message is very clear, this is","og:url":"https:\/\/rachelsumbu.com\/en\/entretien-avec-m-wankele-mene-secretaire-general-de-la-zone-de-libre-echange-continentale-africaine-zlecaf","article:published_time":"2025-02-02T10:03:14+00:00","article:modified_time":"2025-12-28T16:05:07+00:00","twitter:card":"summary_large_image","twitter:title":"Interview with Mr Wankele Mene, General Secretary of the African continental free trade area (AfCFTA) - Journaliste I Mod\u00e9ratrice &amp; MC internationale","twitter:description":"&quot;I would say to Africans that Zlecaf is for them. It is negociated by the governments but it is for the private sector. It is for entrepreneurs, it is for small and medium entreprises, it is for them to take advantage of. No SME should remain SME forever [...]My message is very clear, this is"},"aioseo_meta_data":{"post_id":"3388","title":"#post_title #separator_sa #site_title","description":"#post_excerpt","keywords":null,"keyphrases":{"focus":{"keyphrase":"","score":0,"analysis":{"keyphraseInTitle":{"score":0,"maxScore":9,"error":1}}},"additional":[]},"primary_term":null,"canonical_url":null,"og_title":null,"og_description":null,"og_object_type":"default","og_image_type":"default","og_image_url":null,"og_image_width":null,"og_image_height":null,"og_image_custom_url":null,"og_image_custom_fields":null,"og_video":"","og_custom_url":null,"og_article_section":null,"og_article_tags":null,"twitter_use_og":false,"twitter_card":"default","twitter_image_type":"default","twitter_image_url":null,"twitter_image_custom_url":null,"twitter_image_custom_fields":null,"twitter_title":null,"twitter_description":null,"schema":{"blockGraphs":[],"customGraphs":[],"default":{"data":{"Article":[],"Course":[],"Dataset":[],"FAQPage":[],"Movie":[],"Person":[],"Product":[],"ProductReview":[],"Car":[],"Recipe":[],"Service":[],"SoftwareApplication":[],"WebPage":[]},"graphName":"BlogPosting","isEnabled":true},"graphs":[]},"schema_type":"default","schema_type_options":null,"pillar_content":false,"robots_default":true,"robots_noindex":false,"robots_noarchive":false,"robots_nosnippet":false,"robots_nofollow":false,"robots_noimageindex":false,"robots_noodp":false,"robots_notranslate":false,"robots_max_snippet":"-1","robots_max_videopreview":"-1","robots_max_imagepreview":"large","priority":null,"frequency":"default","local_seo":null,"breadcrumb_settings":null,"limit_modified_date":false,"ai":null,"created":"2025-02-02 10:03:16","updated":"2025-12-28 16:05:09","seo_analyzer_scan_date":null,"focus_keyword":null,"additional_keywords":null,"truseo_locale":null},"aioseo_breadcrumb":"<div class=\"aioseo-breadcrumbs\"><span class=\"aioseo-breadcrumb\">\n\t\t\t<a href=\"https:\/\/rachelsumbu.com\/en\" title=\"Home\">Home<\/a>\n\t\t<\/span><span class=\"aioseo-breadcrumb-separator\">&raquo;<\/span><span class=\"aioseo-breadcrumb\">\n\t\t\t<a href=\"https:\/\/rachelsumbu.com\/en\/category\/actualite\" title=\"Actualit\u00e9\">Actualit\u00e9<\/a>\n\t\t<\/span><span class=\"aioseo-breadcrumb-separator\">&raquo;<\/span><span class=\"aioseo-breadcrumb\">\n\t\t\tInterview with Mr Wankele Mene, General Secretary of the African continental free trade area (AfCFTA)\n\t\t<\/span><\/div>","aioseo_breadcrumb_json":[{"label":"Home","link":"https:\/\/rachelsumbu.com\/en"},{"label":"Actualit\u00e9","link":"https:\/\/rachelsumbu.com\/en\/category\/actualite"},{"label":"Interview with Mr Wankele Mene, General Secretary of the African continental free trade area (AfCFTA)","link":"https:\/\/rachelsumbu.com\/en\/entretien-avec-m-wankele-mene-secretaire-general-de-la-zone-de-libre-echange-continentale-africaine-zlecaf"}],"_links":{"self":[{"href":"https:\/\/rachelsumbu.com\/en\/wp-json\/wp\/v2\/posts\/3388","targetHints":{"allow":["GET"]}}],"collection":[{"href":"https:\/\/rachelsumbu.com\/en\/wp-json\/wp\/v2\/posts"}],"about":[{"href":"https:\/\/rachelsumbu.com\/en\/wp-json\/wp\/v2\/types\/post"}],"author":[{"embeddable":true,"href":"https:\/\/rachelsumbu.com\/en\/wp-json\/wp\/v2\/users\/1"}],"replies":[{"embeddable":true,"href":"https:\/\/rachelsumbu.com\/en\/wp-json\/wp\/v2\/comments?post=3388"}],"version-history":[{"count":3,"href":"https:\/\/rachelsumbu.com\/en\/wp-json\/wp\/v2\/posts\/3388\/revisions"}],"predecessor-version":[{"id":3392,"href":"https:\/\/rachelsumbu.com\/en\/wp-json\/wp\/v2\/posts\/3388\/revisions\/3392"}],"wp:featuredmedia":[{"embeddable":true,"href":"https:\/\/rachelsumbu.com\/en\/wp-json\/wp\/v2\/media\/3393"}],"wp:attachment":[{"href":"https:\/\/rachelsumbu.com\/en\/wp-json\/wp\/v2\/media?parent=3388"}],"wp:term":[{"taxonomy":"category","embeddable":true,"href":"https:\/\/rachelsumbu.com\/en\/wp-json\/wp\/v2\/categories?post=3388"},{"taxonomy":"post_tag","embeddable":true,"href":"https:\/\/rachelsumbu.com\/en\/wp-json\/wp\/v2\/tags?post=3388"}],"curies":[{"name":"wp","href":"https:\/\/api.w.org\/{rel}","templated":true}]}}