{"id":3308,"date":"2025-01-29T14:26:13","date_gmt":"2025-01-29T14:26:13","guid":{"rendered":"https:\/\/rachelsumbu.com\/?p=3308"},"modified":"2025-04-23T21:29:05","modified_gmt":"2025-04-23T21:29:05","slug":"women-in-tech-france-a-celebre-son-premier-anniversaire-le-jeudi-16janvier-lors-dune-soiree-organisee-chez-le-wagon","status":"publish","type":"post","link":"https:\/\/rachelsumbu.com\/en\/women-in-tech-france-a-celebre-son-premier-anniversaire-le-jeudi-16janvier-lors-dune-soiree-organisee-chez-le-wagon","title":{"rendered":"Women in Tech\u00ae France celebrated its first anniversary on Thursday January 16 with a party at Le Wagon ."},"content":{"rendered":"<p class=\"wp-block-paragraph\">C\u2019est dans un cadre chaleureux qu\u2019Angela Naser, Responsable France Women in Tech et Virginie Vinson, CEO Le Wagon ainsi que leurs \u00e9quipes respectives, ont accueilli une centaine de convives dans les locaux du centre de formation d\u00e9di\u00e9 aux m\u00e9tiers de la Tech, autour d\u2019un cocktail, pour un moment de networking et de partage.<br>Parmi les invit\u00e9s, des entrepreneurs, enseignants, \u00e9tudiants entre autres, principalement issues du secteur.<br>Cette rencontre a \u00e9t\u00e9 l\u2019occasion de revenir sur les accomplissements de Women in Tech France pour l\u2019ann\u00e9e 2024 et d\u2019annoncer Le Protocole d\u2019Osaka, \u00ab\u00a0une coalition mondiale pour l\u2019\u00e9galit\u00e9 des genres dans le num\u00e9rique d\u2019ici 2030\u00a0\u00bb comme pr\u00e9cis\u00e9 par Angela Naser.<br>Cette soir\u00e9e a \u00e9galement \u00e9t\u00e9 marqu\u00e9e par la pr\u00e9sentation captivante de Lucile Le Goallec, Cultural Insights Lead, Google France , permettant notamment d&#8217;enrichir les r\u00e9flexions sur les questions d&#8217;inclusion et de diversit\u00e9.<\/p>\n\n\n\n<p class=\"wp-block-paragraph\">Le RDV est pris du 23 au 25 avril \u00e0 Osaka pour le Women in Tech Global Summit 2025.<\/p>\n\n\n\n<h5 class=\"wp-block-heading has-normal-font-size\">womenintech #tech #inclusion #diversit\u00e9 #summit #meeting<\/h5>","protected":false},"excerpt":{"rendered":"<p>C\u2019est dans un cadre chaleureux qu\u2019Angela Naser, Responsable France Women in Tech et Virginie Vinson, CEO Le Wagon ainsi que leurs \u00e9quipes respectives, ont accueilli une centaine de convives dans les locaux du centre de formation d\u00e9di\u00e9 aux m\u00e9tiers de la Tech, autour d\u2019un cocktail, pour un moment de networking et de partage.Parmi les invit\u00e9s, [&hellip;]<\/p>\n","protected":false},"author":1,"featured_media":3311,"comment_status":"open","ping_status":"open","sticky":false,"template":"","format":"standard","meta":{"_acf_changed":false,"_monsterinsights_skip_tracking":false,"footnotes":""},"categories":[75],"tags":[],"class_list":["post-3308","post","type-post","status-publish","format-standard","has-post-thumbnail","hentry","category-actualite"],"acf":[],"aioseo_notices":[],"aioseo_head":"\n\t\t<!-- All in One SEO 5.0.1.1 - aioseo.com -->\n\t<meta name=\"description\" content=\"C\u2019est dans un cadre chaleureux qu\u2019Angela Naser, Responsable France Women in Tech et Virginie Vinson, CEO Le Wagon ainsi que leurs \u00e9quipes respectives, ont accueilli une centaine de convives dans les locaux du centre de formation d\u00e9di\u00e9 aux m\u00e9tiers de la Tech, autour d\u2019un cocktail, pour un moment de networking et de partage.Parmi les invit\u00e9s,\" \/>\n\t<meta name=\"robots\" content=\"max-image-preview:large\" \/>\n\t<meta name=\"author\" content=\"Rachel SUMBU\"\/>\n\t<link rel=\"canonical\" href=\"https:\/\/rachelsumbu.com\/en\/women-in-tech-france-a-celebre-son-premier-anniversaire-le-jeudi-16janvier-lors-dune-soiree-organisee-chez-le-wagon\" \/>\n\t<meta name=\"generator\" content=\"All in One SEO (AIOSEO) 5.0.1.1\" \/>\n\t\t<meta property=\"og:locale\" content=\"en_US\" \/>\n\t\t<meta property=\"og:site_name\" content=\"Journaliste I Mod\u00e9ratrice &amp; MC internationale - Journaliste I Mod\u00e9ratrice &amp; MC internationale Engag\u00e9e sur les enjeux de coop\u00e9ration internationale\" \/>\n\t\t<meta property=\"og:type\" content=\"article\" \/>\n\t\t<meta property=\"og:title\" content=\"Women in Tech\u00ae France a c\u00e9l\u00e9br\u00e9 son premier anniversaire le jeudi 16 janvier lors d\u2019une soir\u00e9e organis\u00e9e chez Le Wagon . - Journaliste I Mod\u00e9ratrice &amp; MC internationale\" \/>\n\t\t<meta property=\"og:description\" content=\"C\u2019est dans un cadre chaleureux qu\u2019Angela Naser, Responsable France Women in Tech et Virginie Vinson, CEO Le Wagon ainsi que leurs \u00e9quipes respectives, ont accueilli une centaine de convives dans les locaux du centre de formation d\u00e9di\u00e9 aux m\u00e9tiers de la Tech, autour d\u2019un cocktail, pour un moment de networking et de partage.Parmi les invit\u00e9s,\" \/>\n\t\t<meta property=\"og:url\" content=\"https:\/\/rachelsumbu.com\/en\/women-in-tech-france-a-celebre-son-premier-anniversaire-le-jeudi-16janvier-lors-dune-soiree-organisee-chez-le-wagon\" \/>\n\t\t<meta property=\"article:published_time\" content=\"2025-01-29T14:26:13+00:00\" \/>\n\t\t<meta property=\"article:modified_time\" content=\"2025-04-23T21:29:05+00:00\" \/>\n\t\t<meta name=\"twitter:card\" content=\"summary_large_image\" \/>\n\t\t<meta name=\"twitter:title\" content=\"Women in Tech\u00ae France a c\u00e9l\u00e9br\u00e9 son premier anniversaire le jeudi 16 janvier lors d\u2019une soir\u00e9e organis\u00e9e chez Le Wagon . - Journaliste I Mod\u00e9ratrice &amp; MC internationale\" \/>\n\t\t<meta name=\"twitter:description\" content=\"C\u2019est dans un cadre chaleureux qu\u2019Angela Naser, Responsable France Women in Tech et Virginie Vinson, CEO Le Wagon ainsi que leurs \u00e9quipes respectives, ont accueilli une centaine de convives dans les locaux du centre de formation d\u00e9di\u00e9 aux m\u00e9tiers de la Tech, autour d\u2019un cocktail, pour un moment de networking et de partage.Parmi les invit\u00e9s,\" \/>\n\t\t<script type=\"application\/ld+json\" class=\"aioseo-schema\">\n\t\t\t{\"@context\":\"https:\\\/\\\/schema.org\",\"@graph\":[{\"@type\":\"BlogPosting\",\"@id\":\"https:\\\/\\\/rachelsumbu.com\\\/en\\\/women-in-tech-france-a-celebre-son-premier-anniversaire-le-jeudi-16janvier-lors-dune-soiree-organisee-chez-le-wagon#blogposting\",\"name\":\"Women in Tech\\u00ae France a c\\u00e9l\\u00e9br\\u00e9 son premier anniversaire le jeudi 16 janvier lors d\\u2019une soir\\u00e9e organis\\u00e9e chez Le Wagon . - Journaliste I Mod\\u00e9ratrice & MC internationale\",\"headline\":\"Women in Tech\\u00ae France a c\\u00e9l\\u00e9br\\u00e9 son premier anniversaire le jeudi 16 janvier lors d&#8217;une soir\\u00e9e organis\\u00e9e chez Le Wagon .\",\"author\":{\"@id\":\"https:\\\/\\\/rachelsumbu.com\\\/en\\\/author\\\/r_s_admin#author\"},\"publisher\":{\"@id\":\"https:\\\/\\\/rachelsumbu.com\\\/en\\\/#organization\"},\"image\":{\"@type\":\"ImageObject\",\"url\":\"https:\\\/\\\/rachelsumbu.com\\\/wp-content\\\/uploads\\\/2025\\\/01\\\/PSX_20250117_090629-e1738160725551.jpg\",\"width\":903,\"height\":606},\"datePublished\":\"2025-01-29T14:26:13+00:00\",\"dateModified\":\"2025-04-23T21:29:05+00:00\",\"inLanguage\":\"en-US\",\"mainEntityOfPage\":{\"@id\":\"https:\\\/\\\/rachelsumbu.com\\\/en\\\/women-in-tech-france-a-celebre-son-premier-anniversaire-le-jeudi-16janvier-lors-dune-soiree-organisee-chez-le-wagon#webpage\"},\"isPartOf\":{\"@id\":\"https:\\\/\\\/rachelsumbu.com\\\/en\\\/women-in-tech-france-a-celebre-son-premier-anniversaire-le-jeudi-16janvier-lors-dune-soiree-organisee-chez-le-wagon#webpage\"},\"articleSection\":\"Actualit\\u00e9\"},{\"@type\":\"BreadcrumbList\",\"@id\":\"https:\\\/\\\/rachelsumbu.com\\\/en\\\/women-in-tech-france-a-celebre-son-premier-anniversaire-le-jeudi-16janvier-lors-dune-soiree-organisee-chez-le-wagon#breadcrumblist\",\"itemListElement\":[{\"@type\":\"ListItem\",\"@id\":\"https:\\\/\\\/rachelsumbu.com\\\/en#listItem\",\"position\":1,\"name\":\"Home\",\"item\":\"https:\\\/\\\/rachelsumbu.com\\\/en\",\"nextItem\":{\"@type\":\"ListItem\",\"@id\":\"https:\\\/\\\/rachelsumbu.com\\\/en\\\/category\\\/actualite#listItem\",\"name\":\"Actualit\\u00e9\"}},{\"@type\":\"ListItem\",\"@id\":\"https:\\\/\\\/rachelsumbu.com\\\/en\\\/category\\\/actualite#listItem\",\"position\":2,\"name\":\"Actualit\\u00e9\",\"item\":\"https:\\\/\\\/rachelsumbu.com\\\/en\\\/category\\\/actualite\",\"nextItem\":{\"@type\":\"ListItem\",\"@id\":\"https:\\\/\\\/rachelsumbu.com\\\/en\\\/women-in-tech-france-a-celebre-son-premier-anniversaire-le-jeudi-16janvier-lors-dune-soiree-organisee-chez-le-wagon#listItem\",\"name\":\"Women in Tech\\u00ae France a c\\u00e9l\\u00e9br\\u00e9 son premier anniversaire le jeudi 16 janvier lors d&#8217;une soir\\u00e9e organis\\u00e9e chez Le Wagon .\"},\"previousItem\":{\"@type\":\"ListItem\",\"@id\":\"https:\\\/\\\/rachelsumbu.com\\\/en#listItem\",\"name\":\"Home\"}},{\"@type\":\"ListItem\",\"@id\":\"https:\\\/\\\/rachelsumbu.com\\\/en\\\/women-in-tech-france-a-celebre-son-premier-anniversaire-le-jeudi-16janvier-lors-dune-soiree-organisee-chez-le-wagon#listItem\",\"position\":3,\"name\":\"Women in Tech\\u00ae France a c\\u00e9l\\u00e9br\\u00e9 son premier anniversaire le jeudi 16 janvier lors d&#8217;une soir\\u00e9e organis\\u00e9e chez Le Wagon .\",\"previousItem\":{\"@type\":\"ListItem\",\"@id\":\"https:\\\/\\\/rachelsumbu.com\\\/en\\\/category\\\/actualite#listItem\",\"name\":\"Actualit\\u00e9\"}}]},{\"@type\":\"Organization\",\"@id\":\"https:\\\/\\\/rachelsumbu.com\\\/en\\\/#organization\",\"name\":\"Rachel Sumbu\",\"description\":\"Journaliste I Mod\\u00e9ratrice & MC internationale Engag\\u00e9e sur les enjeux de coop\\u00e9ration internationale\",\"url\":\"https:\\\/\\\/rachelsumbu.com\\\/en\\\/\"},{\"@type\":\"Person\",\"@id\":\"https:\\\/\\\/rachelsumbu.com\\\/en\\\/author\\\/r_s_admin#author\",\"url\":\"https:\\\/\\\/rachelsumbu.com\\\/en\\\/author\\\/r_s_admin\",\"name\":\"Rachel SUMBU\",\"image\":{\"@type\":\"ImageObject\",\"@id\":\"https:\\\/\\\/rachelsumbu.com\\\/en\\\/women-in-tech-france-a-celebre-son-premier-anniversaire-le-jeudi-16janvier-lors-dune-soiree-organisee-chez-le-wagon#authorImage\",\"url\":\"https:\\\/\\\/secure.gravatar.com\\\/avatar\\\/4d3d712542f00cba271ab4dc49b76f894276376b94b8c757477b19e4b38af199?s=96&d=mm&r=g\",\"width\":96,\"height\":96,\"caption\":\"Rachel SUMBU\"}},{\"@type\":\"WebPage\",\"@id\":\"https:\\\/\\\/rachelsumbu.com\\\/en\\\/women-in-tech-france-a-celebre-son-premier-anniversaire-le-jeudi-16janvier-lors-dune-soiree-organisee-chez-le-wagon#webpage\",\"url\":\"https:\\\/\\\/rachelsumbu.com\\\/en\\\/women-in-tech-france-a-celebre-son-premier-anniversaire-le-jeudi-16janvier-lors-dune-soiree-organisee-chez-le-wagon\",\"name\":\"Women in Tech\\u00ae France a c\\u00e9l\\u00e9br\\u00e9 son premier anniversaire le jeudi 16 janvier lors d\\u2019une soir\\u00e9e organis\\u00e9e chez Le Wagon . - Journaliste I Mod\\u00e9ratrice & MC internationale\",\"description\":\"C\\u2019est dans un cadre chaleureux qu\\u2019Angela Naser, Responsable France Women in Tech et Virginie Vinson, CEO Le Wagon ainsi que leurs \\u00e9quipes respectives, ont accueilli une centaine de convives dans les locaux du centre de formation d\\u00e9di\\u00e9 aux m\\u00e9tiers de la Tech, autour d\\u2019un cocktail, pour un moment de networking et de partage.Parmi les invit\\u00e9s,\",\"inLanguage\":\"en-US\",\"isPartOf\":{\"@id\":\"https:\\\/\\\/rachelsumbu.com\\\/en\\\/#website\"},\"breadcrumb\":{\"@id\":\"https:\\\/\\\/rachelsumbu.com\\\/en\\\/women-in-tech-france-a-celebre-son-premier-anniversaire-le-jeudi-16janvier-lors-dune-soiree-organisee-chez-le-wagon#breadcrumblist\"},\"author\":{\"@id\":\"https:\\\/\\\/rachelsumbu.com\\\/en\\\/author\\\/r_s_admin#author\"},\"creator\":{\"@id\":\"https:\\\/\\\/rachelsumbu.com\\\/en\\\/author\\\/r_s_admin#author\"},\"image\":{\"@type\":\"ImageObject\",\"url\":\"https:\\\/\\\/rachelsumbu.com\\\/wp-content\\\/uploads\\\/2025\\\/01\\\/PSX_20250117_090629-e1738160725551.jpg\",\"@id\":\"https:\\\/\\\/rachelsumbu.com\\\/en\\\/women-in-tech-france-a-celebre-son-premier-anniversaire-le-jeudi-16janvier-lors-dune-soiree-organisee-chez-le-wagon\\\/#mainImage\",\"width\":903,\"height\":606},\"primaryImageOfPage\":{\"@id\":\"https:\\\/\\\/rachelsumbu.com\\\/en\\\/women-in-tech-france-a-celebre-son-premier-anniversaire-le-jeudi-16janvier-lors-dune-soiree-organisee-chez-le-wagon#mainImage\"},\"datePublished\":\"2025-01-29T14:26:13+00:00\",\"dateModified\":\"2025-04-23T21:29:05+00:00\"},{\"@type\":\"WebSite\",\"@id\":\"https:\\\/\\\/rachelsumbu.com\\\/en\\\/#website\",\"url\":\"https:\\\/\\\/rachelsumbu.com\\\/en\\\/\",\"name\":\"Rachel Sumbu\",\"description\":\"Journaliste I Mod\\u00e9ratrice & MC internationale Engag\\u00e9e sur les enjeux de coop\\u00e9ration internationale\",\"inLanguage\":\"en-US\",\"publisher\":{\"@id\":\"https:\\\/\\\/rachelsumbu.com\\\/en\\\/#organization\"}}]}\n\t\t<\/script>\n\t\t<!-- All in One SEO -->\n\n","aioseo_head_json":{"title":"Women in Tech\u00ae France a c\u00e9l\u00e9br\u00e9 son premier anniversaire le jeudi 16 janvier lors d\u2019une soir\u00e9e organis\u00e9e chez Le Wagon . - Journaliste I Mod\u00e9ratrice & MC internationale","description":"C\u2019est dans un cadre chaleureux qu\u2019Angela Naser, Responsable France Women in Tech et Virginie Vinson, CEO Le Wagon ainsi que leurs \u00e9quipes respectives, ont accueilli une centaine de convives dans les locaux du centre de formation d\u00e9di\u00e9 aux m\u00e9tiers de la Tech, autour d\u2019un cocktail, pour un moment de networking et de partage.Parmi les invit\u00e9s,","canonical_url":"https:\/\/rachelsumbu.com\/en\/women-in-tech-france-a-celebre-son-premier-anniversaire-le-jeudi-16janvier-lors-dune-soiree-organisee-chez-le-wagon","robots":"max-image-preview:large","keywords":"","webmasterTools":{"miscellaneous":""},"schema":{"@context":"https:\/\/schema.org","@graph":[{"@type":"BlogPosting","@id":"https:\/\/rachelsumbu.com\/en\/women-in-tech-france-a-celebre-son-premier-anniversaire-le-jeudi-16janvier-lors-dune-soiree-organisee-chez-le-wagon#blogposting","name":"Women in Tech\u00ae France a c\u00e9l\u00e9br\u00e9 son premier anniversaire le jeudi 16 janvier lors d\u2019une soir\u00e9e organis\u00e9e chez Le Wagon . - Journaliste I Mod\u00e9ratrice & MC internationale","headline":"Women in Tech\u00ae France a c\u00e9l\u00e9br\u00e9 son premier anniversaire le jeudi 16 janvier lors d&#8217;une soir\u00e9e organis\u00e9e chez Le Wagon .","author":{"@id":"https:\/\/rachelsumbu.com\/en\/author\/r_s_admin#author"},"publisher":{"@id":"https:\/\/rachelsumbu.com\/en\/#organization"},"image":{"@type":"ImageObject","url":"https:\/\/rachelsumbu.com\/wp-content\/uploads\/2025\/01\/PSX_20250117_090629-e1738160725551.jpg","width":903,"height":606},"datePublished":"2025-01-29T14:26:13+00:00","dateModified":"2025-04-23T21:29:05+00:00","inLanguage":"en-US","mainEntityOfPage":{"@id":"https:\/\/rachelsumbu.com\/en\/women-in-tech-france-a-celebre-son-premier-anniversaire-le-jeudi-16janvier-lors-dune-soiree-organisee-chez-le-wagon#webpage"},"isPartOf":{"@id":"https:\/\/rachelsumbu.com\/en\/women-in-tech-france-a-celebre-son-premier-anniversaire-le-jeudi-16janvier-lors-dune-soiree-organisee-chez-le-wagon#webpage"},"articleSection":"Actualit\u00e9"},{"@type":"BreadcrumbList","@id":"https:\/\/rachelsumbu.com\/en\/women-in-tech-france-a-celebre-son-premier-anniversaire-le-jeudi-16janvier-lors-dune-soiree-organisee-chez-le-wagon#breadcrumblist","itemListElement":[{"@type":"ListItem","@id":"https:\/\/rachelsumbu.com\/en#listItem","position":1,"name":"Home","item":"https:\/\/rachelsumbu.com\/en","nextItem":{"@type":"ListItem","@id":"https:\/\/rachelsumbu.com\/en\/category\/actualite#listItem","name":"Actualit\u00e9"}},{"@type":"ListItem","@id":"https:\/\/rachelsumbu.com\/en\/category\/actualite#listItem","position":2,"name":"Actualit\u00e9","item":"https:\/\/rachelsumbu.com\/en\/category\/actualite","nextItem":{"@type":"ListItem","@id":"https:\/\/rachelsumbu.com\/en\/women-in-tech-france-a-celebre-son-premier-anniversaire-le-jeudi-16janvier-lors-dune-soiree-organisee-chez-le-wagon#listItem","name":"Women in Tech\u00ae France a c\u00e9l\u00e9br\u00e9 son premier anniversaire le jeudi 16 janvier lors d&#8217;une soir\u00e9e organis\u00e9e chez Le Wagon ."},"previousItem":{"@type":"ListItem","@id":"https:\/\/rachelsumbu.com\/en#listItem","name":"Home"}},{"@type":"ListItem","@id":"https:\/\/rachelsumbu.com\/en\/women-in-tech-france-a-celebre-son-premier-anniversaire-le-jeudi-16janvier-lors-dune-soiree-organisee-chez-le-wagon#listItem","position":3,"name":"Women in Tech\u00ae France a c\u00e9l\u00e9br\u00e9 son premier anniversaire le jeudi 16 janvier lors d&#8217;une soir\u00e9e organis\u00e9e chez Le Wagon .","previousItem":{"@type":"ListItem","@id":"https:\/\/rachelsumbu.com\/en\/category\/actualite#listItem","name":"Actualit\u00e9"}}]},{"@type":"Organization","@id":"https:\/\/rachelsumbu.com\/en\/#organization","name":"Rachel Sumbu","description":"Journaliste I Mod\u00e9ratrice & MC internationale Engag\u00e9e sur les enjeux de coop\u00e9ration internationale","url":"https:\/\/rachelsumbu.com\/en\/"},{"@type":"Person","@id":"https:\/\/rachelsumbu.com\/en\/author\/r_s_admin#author","url":"https:\/\/rachelsumbu.com\/en\/author\/r_s_admin","name":"Rachel SUMBU","image":{"@type":"ImageObject","@id":"https:\/\/rachelsumbu.com\/en\/women-in-tech-france-a-celebre-son-premier-anniversaire-le-jeudi-16janvier-lors-dune-soiree-organisee-chez-le-wagon#authorImage","url":"https:\/\/secure.gravatar.com\/avatar\/4d3d712542f00cba271ab4dc49b76f894276376b94b8c757477b19e4b38af199?s=96&d=mm&r=g","width":96,"height":96,"caption":"Rachel SUMBU"}},{"@type":"WebPage","@id":"https:\/\/rachelsumbu.com\/en\/women-in-tech-france-a-celebre-son-premier-anniversaire-le-jeudi-16janvier-lors-dune-soiree-organisee-chez-le-wagon#webpage","url":"https:\/\/rachelsumbu.com\/en\/women-in-tech-france-a-celebre-son-premier-anniversaire-le-jeudi-16janvier-lors-dune-soiree-organisee-chez-le-wagon","name":"Women in Tech\u00ae France a c\u00e9l\u00e9br\u00e9 son premier anniversaire le jeudi 16 janvier lors d\u2019une soir\u00e9e organis\u00e9e chez Le Wagon . - Journaliste I Mod\u00e9ratrice & MC internationale","description":"C\u2019est dans un cadre chaleureux qu\u2019Angela Naser, Responsable France Women in Tech et Virginie Vinson, CEO Le Wagon ainsi que leurs \u00e9quipes respectives, ont accueilli une centaine de convives dans les locaux du centre de formation d\u00e9di\u00e9 aux m\u00e9tiers de la Tech, autour d\u2019un cocktail, pour un moment de networking et de partage.Parmi les invit\u00e9s,","inLanguage":"en-US","isPartOf":{"@id":"https:\/\/rachelsumbu.com\/en\/#website"},"breadcrumb":{"@id":"https:\/\/rachelsumbu.com\/en\/women-in-tech-france-a-celebre-son-premier-anniversaire-le-jeudi-16janvier-lors-dune-soiree-organisee-chez-le-wagon#breadcrumblist"},"author":{"@id":"https:\/\/rachelsumbu.com\/en\/author\/r_s_admin#author"},"creator":{"@id":"https:\/\/rachelsumbu.com\/en\/author\/r_s_admin#author"},"image":{"@type":"ImageObject","url":"https:\/\/rachelsumbu.com\/wp-content\/uploads\/2025\/01\/PSX_20250117_090629-e1738160725551.jpg","@id":"https:\/\/rachelsumbu.com\/en\/women-in-tech-france-a-celebre-son-premier-anniversaire-le-jeudi-16janvier-lors-dune-soiree-organisee-chez-le-wagon\/#mainImage","width":903,"height":606},"primaryImageOfPage":{"@id":"https:\/\/rachelsumbu.com\/en\/women-in-tech-france-a-celebre-son-premier-anniversaire-le-jeudi-16janvier-lors-dune-soiree-organisee-chez-le-wagon#mainImage"},"datePublished":"2025-01-29T14:26:13+00:00","dateModified":"2025-04-23T21:29:05+00:00"},{"@type":"WebSite","@id":"https:\/\/rachelsumbu.com\/en\/#website","url":"https:\/\/rachelsumbu.com\/en\/","name":"Rachel Sumbu","description":"Journaliste I Mod\u00e9ratrice & MC internationale Engag\u00e9e sur les enjeux de coop\u00e9ration internationale","inLanguage":"en-US","publisher":{"@id":"https:\/\/rachelsumbu.com\/en\/#organization"}}]},"og:locale":"en_US","og:site_name":"Journaliste I Mod\u00e9ratrice &amp; MC internationale - Journaliste I Mod\u00e9ratrice &amp; MC internationale Engag\u00e9e sur les enjeux de coop\u00e9ration internationale","og:type":"article","og:title":"Women in Tech\u00ae France a c\u00e9l\u00e9br\u00e9 son premier anniversaire le jeudi 16 janvier lors d\u2019une soir\u00e9e organis\u00e9e chez Le Wagon . - Journaliste I Mod\u00e9ratrice &amp; MC internationale","og:description":"C\u2019est dans un cadre chaleureux qu\u2019Angela Naser, Responsable France Women in Tech et Virginie Vinson, CEO Le Wagon ainsi que leurs \u00e9quipes respectives, ont accueilli une centaine de convives dans les locaux du centre de formation d\u00e9di\u00e9 aux m\u00e9tiers de la Tech, autour d\u2019un cocktail, pour un moment de networking et de partage.Parmi les invit\u00e9s,","og:url":"https:\/\/rachelsumbu.com\/en\/women-in-tech-france-a-celebre-son-premier-anniversaire-le-jeudi-16janvier-lors-dune-soiree-organisee-chez-le-wagon","article:published_time":"2025-01-29T14:26:13+00:00","article:modified_time":"2025-04-23T21:29:05+00:00","twitter:card":"summary_large_image","twitter:title":"Women in Tech\u00ae France a c\u00e9l\u00e9br\u00e9 son premier anniversaire le jeudi 16 janvier lors d\u2019une soir\u00e9e organis\u00e9e chez Le Wagon . - Journaliste I Mod\u00e9ratrice &amp; MC internationale","twitter:description":"C\u2019est dans un cadre chaleureux qu\u2019Angela Naser, Responsable France Women in Tech et Virginie Vinson, CEO Le Wagon ainsi que leurs \u00e9quipes respectives, ont accueilli une centaine de convives dans les locaux du centre de formation d\u00e9di\u00e9 aux m\u00e9tiers de la Tech, autour d\u2019un cocktail, pour un moment de networking et de partage.Parmi les invit\u00e9s,"},"aioseo_meta_data":{"post_id":"3308","title":null,"description":null,"keywords":null,"keyphrases":{"focus":{"keyphrase":"","score":0,"analysis":{"keyphraseInTitle":{"score":0,"maxScore":9,"error":1}}},"additional":[]},"primary_term":null,"canonical_url":null,"og_title":null,"og_description":null,"og_object_type":"default","og_image_type":"default","og_image_url":null,"og_image_width":null,"og_image_height":null,"og_image_custom_url":null,"og_image_custom_fields":null,"og_video":"","og_custom_url":null,"og_article_section":null,"og_article_tags":null,"twitter_use_og":false,"twitter_card":"default","twitter_image_type":"default","twitter_image_url":null,"twitter_image_custom_url":null,"twitter_image_custom_fields":null,"twitter_title":null,"twitter_description":null,"schema":{"blockGraphs":[],"customGraphs":[],"default":{"data":{"Article":[],"Course":[],"Dataset":[],"FAQPage":[],"Movie":[],"Person":[],"Product":[],"ProductReview":[],"Car":[],"Recipe":[],"Service":[],"SoftwareApplication":[],"WebPage":[]},"graphName":"BlogPosting","isEnabled":true},"graphs":[]},"schema_type":"default","schema_type_options":null,"pillar_content":false,"robots_default":true,"robots_noindex":false,"robots_noarchive":false,"robots_nosnippet":false,"robots_nofollow":false,"robots_noimageindex":false,"robots_noodp":false,"robots_notranslate":false,"robots_max_snippet":"-1","robots_max_videopreview":"-1","robots_max_imagepreview":"large","priority":null,"frequency":"default","local_seo":null,"breadcrumb_settings":null,"limit_modified_date":false,"ai":null,"created":"2025-01-29 14:26:15","updated":"2025-06-03 21:52:55","seo_analyzer_scan_date":null,"focus_keyword":null,"additional_keywords":null,"truseo_locale":null},"aioseo_breadcrumb":"<div class=\"aioseo-breadcrumbs\"><span class=\"aioseo-breadcrumb\">\n\t\t\t<a href=\"https:\/\/rachelsumbu.com\/en\" title=\"Home\">Home<\/a>\n\t\t<\/span><span class=\"aioseo-breadcrumb-separator\">&raquo;<\/span><span class=\"aioseo-breadcrumb\">\n\t\t\t<a href=\"https:\/\/rachelsumbu.com\/en\/category\/actualite\" title=\"Actualit\u00e9\">Actualit\u00e9<\/a>\n\t\t<\/span><span class=\"aioseo-breadcrumb-separator\">&raquo;<\/span><span class=\"aioseo-breadcrumb\">\n\t\t\tWomen in Tech\u00ae France a c\u00e9l\u00e9br\u00e9 son premier anniversaire le jeudi 16 janvier lors d\u2019une soir\u00e9e organis\u00e9e chez Le Wagon .\n\t\t<\/span><\/div>","aioseo_breadcrumb_json":[{"label":"Home","link":"https:\/\/rachelsumbu.com\/en"},{"label":"Actualit\u00e9","link":"https:\/\/rachelsumbu.com\/en\/category\/actualite"},{"label":"Women in Tech\u00ae France a c\u00e9l\u00e9br\u00e9 son premier anniversaire le jeudi 16 janvier lors d&#8217;une soir\u00e9e organis\u00e9e chez Le Wagon .","link":"https:\/\/rachelsumbu.com\/en\/women-in-tech-france-a-celebre-son-premier-anniversaire-le-jeudi-16janvier-lors-dune-soiree-organisee-chez-le-wagon"}],"_links":{"self":[{"href":"https:\/\/rachelsumbu.com\/en\/wp-json\/wp\/v2\/posts\/3308","targetHints":{"allow":["GET"]}}],"collection":[{"href":"https:\/\/rachelsumbu.com\/en\/wp-json\/wp\/v2\/posts"}],"about":[{"href":"https:\/\/rachelsumbu.com\/en\/wp-json\/wp\/v2\/types\/post"}],"author":[{"embeddable":true,"href":"https:\/\/rachelsumbu.com\/en\/wp-json\/wp\/v2\/users\/1"}],"replies":[{"embeddable":true,"href":"https:\/\/rachelsumbu.com\/en\/wp-json\/wp\/v2\/comments?post=3308"}],"version-history":[{"count":2,"href":"https:\/\/rachelsumbu.com\/en\/wp-json\/wp\/v2\/posts\/3308\/revisions"}],"predecessor-version":[{"id":3402,"href":"https:\/\/rachelsumbu.com\/en\/wp-json\/wp\/v2\/posts\/3308\/revisions\/3402"}],"wp:featuredmedia":[{"embeddable":true,"href":"https:\/\/rachelsumbu.com\/en\/wp-json\/wp\/v2\/media\/3311"}],"wp:attachment":[{"href":"https:\/\/rachelsumbu.com\/en\/wp-json\/wp\/v2\/media?parent=3308"}],"wp:term":[{"taxonomy":"category","embeddable":true,"href":"https:\/\/rachelsumbu.com\/en\/wp-json\/wp\/v2\/categories?post=3308"},{"taxonomy":"post_tag","embeddable":true,"href":"https:\/\/rachelsumbu.com\/en\/wp-json\/wp\/v2\/tags?post=3308"}],"curies":[{"name":"wp","href":"https:\/\/api.w.org\/{rel}","templated":true}]}}